{"id":6569,"date":"2009-10-22T23:57:01","date_gmt":"2009-10-23T02:57:01","guid":{"rendered":"http:\/\/antonini.med.br\/blog\/?p=6569"},"modified":"2025-08-23T00:36:40","modified_gmt":"2025-08-23T00:36:40","slug":"o-humanismo-e-alguns-grandes-humanistas","status":"publish","type":"post","link":"https:\/\/antonini.psc.br\/?p=6569","title":{"rendered":"O Humanismo e alguns grandes Humanistas"},"content":{"rendered":"<p style=\"text-align: justify;\">\n<p style=\"text-align: justify;\"><strong>Humanismo:<\/strong> movimento amplo pelo qual o ser humano \u00e9 colocado no centro das preocupa\u00e7\u00f5es intelectuais e sociais.<!--more--><\/p>\n<p style=\"text-align: justify;\">Sistema de valores do Humanismo ( s\u00e9culo XV e XVII): liberdade individual, cren\u00e7a no poder da raz\u00e3o, esperan\u00e7a na constru\u00e7\u00e3o de uma sociedade mais racional baseada na difus\u00e3o dos conhecimentos e descobertas cient\u00edficas. <strong>Condicionantes hist\u00f3ricos:<\/strong> desenvolvimento do capitalismo comercial e progressiva ascens\u00e3o social da burguesia.<\/p>\n<h4>Vitorino de Feltre<\/h4>\n<p style=\"text-align: justify;\">Fundador da <em>Casa Giocosa<\/em> (Casa Alegre). Escola Laica. trabalho educativo num clima de alegria e bem-estar para as crian\u00e7as.<\/p>\n<h4>Erasmo de Rotterdam<\/h4>\n<p style=\"text-align: justify;\">C\u00e9lebre humanista. Obras: <strong><em>Elogio da Loucura, A Educa\u00e7\u00e3o Liberal, A Educa\u00e7\u00e3o do Homem Crist\u00e3o, Sobre o M\u00e9todo de Estudo, Sobre a Educa\u00e7\u00e3o Liberal.<\/em><\/strong> Id\u00e9ia educacionais: ensino motivador, gradual, estimulando a intelig\u00eancia do aluno. Discordava do emprego constante de castigos e f\u00e9rrea disciplina. Objetivos do ensino: piedade crist\u00e3, artes liberais, deveres da vida moral e social, boas maneiras.<\/p>\n<h4>Michel de Montaigne<\/h4>\n<p style=\"text-align: justify;\">Humanista franc\u00eas. Principal obra: <strong>Ensaios Educacionais<\/strong>, no qual apregoava a forma\u00e7\u00e3o do homem integral (aspectos intelectuais, morais e f\u00edsicos). Finalidade da educa\u00e7\u00e3o: exercitar a intelig\u00eancia, fortalecer a alma e desenvolver os m\u00fasculos. Criticava o ensino memor\u00edstico. Defendia uma educa\u00e7\u00e3o em que o aluno tomasse parte ativa e desenvolvesse o senso cr\u00edtico.<\/p>\n<p style=\"text-align: center;\">[<a href=\"javascript:history.go(-1)\">Voltar<\/a>]<\/p>\n","protected":false},"excerpt":{"rendered":"<p>Humanismo: movimento amplo pelo qual o ser humano \u00e9 colocado no centro das preocupa\u00e7\u00f5es intelectuais e sociais.<\/p>\n","protected":false},"author":1,"featured_media":0,"comment_status":"open","ping_status":"open","sticky":false,"template":"","format":"standard","meta":{"footnotes":""},"categories":[20],"tags":[],"class_list":["post-6569","post","type-post","status-publish","format-standard","hentry","category-historia"],"_links":{"self":[{"href":"https:\/\/antonini.psc.br\/index.php?rest_route=\/wp\/v2\/posts\/6569","targetHints":{"allow":["GET"]}}],"collection":[{"href":"https:\/\/antonini.psc.br\/index.php?rest_route=\/wp\/v2\/posts"}],"about":[{"href":"https:\/\/antonini.psc.br\/index.php?rest_route=\/wp\/v2\/types\/post"}],"author":[{"embeddable":true,"href":"https:\/\/antonini.psc.br\/index.php?rest_route=\/wp\/v2\/users\/1"}],"replies":[{"embeddable":true,"href":"https:\/\/antonini.psc.br\/index.php?rest_route=%2Fwp%2Fv2%2Fcomments&post=6569"}],"version-history":[{"count":1,"href":"https:\/\/antonini.psc.br\/index.php?rest_route=\/wp\/v2\/posts\/6569\/revisions"}],"predecessor-version":[{"id":29825,"href":"https:\/\/antonini.psc.br\/index.php?rest_route=\/wp\/v2\/posts\/6569\/revisions\/29825"}],"wp:attachment":[{"href":"https:\/\/antonini.psc.br\/index.php?rest_route=%2Fwp%2Fv2%2Fmedia&parent=6569"}],"wp:term":[{"taxonomy":"category","embeddable":true,"href":"https:\/\/antonini.psc.br\/index.php?rest_route=%2Fwp%2Fv2%2Fcategories&post=6569"},{"taxonomy":"post_tag","embeddable":true,"href":"https:\/\/antonini.psc.br\/index.php?rest_route=%2Fwp%2Fv2%2Ftags&post=6569"}],"curies":[{"name":"wp","href":"https:\/\/api.w.org\/{rel}","templated":true}]}}