{"id":6612,"date":"2009-10-23T08:01:51","date_gmt":"2009-10-23T11:01:51","guid":{"rendered":"http:\/\/antonini.med.br\/blog\/?p=6612"},"modified":"2025-08-23T00:36:39","modified_gmt":"2025-08-23T00:36:39","slug":"educacao-e-historia","status":"publish","type":"post","link":"https:\/\/antonini.psc.br\/?p=6612","title":{"rendered":"Educa\u00e7\u00e3o e Hist\u00f3ria"},"content":{"rendered":"<p align=\"justify\">O processo educacional articulou-se com o contexto hist\u00f3rico, em linhas gerais, da seguinte forma:<!--more--><\/p>\n<p align=\"justify\">a &#8211; <strong>liberalismo cl\u00e1ssico:<\/strong> difus\u00e3o da escola p\u00fablica, universal, gratuita e obrigat\u00f3ria, encarregada de redimir a humanidade e de formar cidad\u00e3os. Pedagogia tradicional, intelectualista:<\/p>\n<p align=\"justify\">b &#8211; <strong>revis\u00e3o do liberalismo:<\/strong> escola nova e tend\u00eancia psicol\u00f3gica:<\/p>\n<p align=\"justify\">c &#8211; <strong>desilus\u00e3o com a escola: <\/strong>teorias reprodutivistas, tecnicistas, pedagogias n\u00e3o-diretivas, prega\u00e7\u00e3o da desescolariza\u00e7\u00e3o;<\/p>\n<p align=\"justify\">d &#8211; escolariza\u00e7\u00e3o democr\u00e1tica: reconhecimento do valor da educa\u00e7\u00e3o p\u00fablica como inst\u00e2ncia necess\u00e1ria \u00e0s lutas pela emancipa\u00e7\u00e3o popular, mas n\u00e3o superdimensionando exageradamente as possibilidades da tarefa da escola e da educa\u00e7\u00e3o.<\/p>\n<p style=\"text-align: center;\">[<a href=\"javascript:history.go(-1)\">Voltar<\/a>]<\/p>\n","protected":false},"excerpt":{"rendered":"<p>O processo educacional articulou-se com o contexto hist\u00f3rico, em linhas gerais, da seguinte forma:<\/p>\n","protected":false},"author":1,"featured_media":0,"comment_status":"open","ping_status":"open","sticky":false,"template":"","format":"standard","meta":{"footnotes":""},"categories":[20],"tags":[],"class_list":["post-6612","post","type-post","status-publish","format-standard","hentry","category-historia"],"_links":{"self":[{"href":"https:\/\/antonini.psc.br\/index.php?rest_route=\/wp\/v2\/posts\/6612","targetHints":{"allow":["GET"]}}],"collection":[{"href":"https:\/\/antonini.psc.br\/index.php?rest_route=\/wp\/v2\/posts"}],"about":[{"href":"https:\/\/antonini.psc.br\/index.php?rest_route=\/wp\/v2\/types\/post"}],"author":[{"embeddable":true,"href":"https:\/\/antonini.psc.br\/index.php?rest_route=\/wp\/v2\/users\/1"}],"replies":[{"embeddable":true,"href":"https:\/\/antonini.psc.br\/index.php?rest_route=%2Fwp%2Fv2%2Fcomments&post=6612"}],"version-history":[{"count":1,"href":"https:\/\/antonini.psc.br\/index.php?rest_route=\/wp\/v2\/posts\/6612\/revisions"}],"predecessor-version":[{"id":29816,"href":"https:\/\/antonini.psc.br\/index.php?rest_route=\/wp\/v2\/posts\/6612\/revisions\/29816"}],"wp:attachment":[{"href":"https:\/\/antonini.psc.br\/index.php?rest_route=%2Fwp%2Fv2%2Fmedia&parent=6612"}],"wp:term":[{"taxonomy":"category","embeddable":true,"href":"https:\/\/antonini.psc.br\/index.php?rest_route=%2Fwp%2Fv2%2Fcategories&post=6612"},{"taxonomy":"post_tag","embeddable":true,"href":"https:\/\/antonini.psc.br\/index.php?rest_route=%2Fwp%2Fv2%2Ftags&post=6612"}],"curies":[{"name":"wp","href":"https:\/\/api.w.org\/{rel}","templated":true}]}}