{"id":72443,"date":"2024-11-30T00:56:57","date_gmt":"2024-11-30T00:56:57","guid":{"rendered":"https:\/\/antonini.com.br\/blogmed\/?p=72443"},"modified":"2024-11-30T02:14:49","modified_gmt":"2024-11-30T02:14:49","slug":"o-desespero-da-colonia-de-amebas-comatosas-lulopetistes-esta-ridiculo","status":"publish","type":"post","link":"https:\/\/antonini.psc.br\/?p=72443","title":{"rendered":"O desespero da col\u00f4nia de amebas comatosas lulopetistEs est\u00e1 rid\u00edculo"},"content":{"rendered":"<p style=\"text-align: justify;\">N\u00e3o precisa ser g\u00eanio para saber a verdadeira inten\u00e7\u00e3o por tr\u00e1s desta obsess\u00e3o em aprovar o aborto em qualquer fase da gravidez.<!--more--> <strong>Golpe da barriga <\/strong>que, se n\u00e3o der certo, ficar\u00e1 f\u00e1cil e ter\u00e1 mais tempo para se livrar do \u00e1libi do golpe culpando algum fantasma ou esp\u00edrito de porco de estupro, pois n\u00e3o tem que provar que foi estuprada para ganhar um aborto na faixa, por conta do contribuinte que trabalha, paga impostos e n\u00e3o tolera mais sustentar vagabundos e enriquecer corruptos.<\/p>\r\n<p style=\"text-align: justify;\">Ser\u00e1 que estes abestados fantasiados de jornaZistEs lulopetistEs ainda n\u00e3o de seram conta que batendo no Bolsonaro 24 horas por dia apenas fazem campanha eleitoral gratuita para ele? Quando ser\u00e1 que os desconfiosc\u00f3pios desta banda podre do jornalismo pegar\u00e1 no tranco?<\/p>\r\n\r\n\r\n<blockquote class=\"wp-block-quote is-layout-flow wp-block-quote-is-layout-flow\">\r\n<p style=\"text-align: justify;\">A Hora: As digitais de Bolsonaro no golpe, o retrocesso que amea\u00e7a o aborto legal e mais<img loading=\"lazy\" decoding=\"async\" class=\"m_-6252255779349321568img-author m_-6252255779349321568mask-circle\" src=\"https:\/\/ci3.googleusercontent.com\/meips\/ADKq_NY-5SWDF6_tKxS1atXpDxSyn224pj1eR6JHlJTO7SqWzxxfCFC251fZ9q2YPYkP_Ul4ViQYMXQgVNO2sLvv6TsyT1OZpgrdgO64yGdAhL8oOpzKTVfrqCVtCHO0-bzh3QmSWMPETnxCPFenlPSYz47NFk9vniEbJyBWww=s0-d-e1-ft#https:\/\/conteudo.imguol.com.br\/c\/noticias\/69\/2023\/04\/26\/rodrigo-barradas-1682532004178_v2_150x150.jpg\" width=\"55\" height=\"55\"\/><\/p>\r\n\r\n\r\n\r\n<h5 class=\"wp-block-heading m_-6252255779349321568open-tooltip\">Rodrigo Barradas<\/h5>\r\n\r\n\r\n\r\n<p style=\"text-align: justify;\">Nesta sexta, recorro novamente a Thais Bilenky e Jos\u00e9 Roberto de Toledo para sistematizar uma semana repleta de not\u00edcias. No podcast A Hora, os jornalistas detalham a hist\u00f3ria que o relat\u00f3rio da Pol\u00edcia Federal conta sobre a tentativa de golpe contra Lula, especialmente os momentos em que as digitais de Bolsonaro aparecem. E, por falar em digitais, o programa ainda analisa o retrocesso aprovado na CCJ da C\u00e2mara sobre o aborto, que tem as marcas dos dedos de outro personagem, o ex-presidente da Casa Eduardo Cunha. O cerco da lei \u00e0s big techs e o an\u00fancio do pacote fiscal e da isen\u00e7\u00e3o do IR (com foco na figura de Fernando Haddad) tamb\u00e9m s\u00e3o esmiu\u00e7ados pelos colunistas.<\/p>\r\n\r\n\r\n\r\n<p style=\"text-align: justify;\">Voc\u00ea pode assistir a A Hora na \u00edntegra&nbsp;<a href=\"https:\/\/newlink.newsletteruol.com.br\/cl\/PTCC-\/GWeP\/75d6\/H2U_ebHUHf6\/BKWY\/EiWgMs50BOD\/1\/\" target=\"_blank\" rel=\"noreferrer noopener\">neste link<\/a>&nbsp;(no fim da p\u00e1gina),&nbsp;<a href=\"https:\/\/newlink.newsletteruol.com.br\/cl\/PTCC-\/GWeP\/75d6\/H2U_ebHUHf6\/BKWY\/IlKPsAwkT00\/1\/\" target=\"_blank\" rel=\"noreferrer noopener\">no YouTube<\/a>&nbsp;e nos principais tocadores de \u00e1udio.<\/p>\r\n\r\n\r\n\r\n<ul class=\"wp-block-list\">\r\n<li><strong>A Hora<\/strong>:&nbsp;<a href=\"https:\/\/newlink.newsletteruol.com.br\/cl\/PTCC-\/GWeP\/75d6\/H2U_ebHUHf6\/BKWY\/IlKPsAwkT00\/2\/\" target=\"_blank\" rel=\"noreferrer noopener\">As digitais de Bolsonaro no golpe, o retrocesso que amea\u00e7a o aborto legal e mais<\/a>&nbsp;(link em v\u00eddeo)<\/li>\r\n<\/ul>\r\n<\/blockquote>\r\n\r\n<p style=\"text-align: center;\">[<a href=\"javascript:history.go(-1)\">Voltar<\/a>]<\/p>","protected":false},"excerpt":{"rendered":"<p>N\u00e3o precisa ser g\u00eanio para saber a verdadeira inten\u00e7\u00e3o por tr\u00e1s desta obsess\u00e3o em aprovar o aborto em qualquer fase da gravidez.<\/p>\n","protected":false},"author":1,"featured_media":0,"comment_status":"closed","ping_status":"open","sticky":false,"template":"","format":"standard","meta":{"footnotes":""},"categories":[29,122],"tags":[],"class_list":["post-72443","post","type-post","status-publish","format-standard","hentry","category-politica","category-saude-mental"],"_links":{"self":[{"href":"https:\/\/antonini.psc.br\/index.php?rest_route=\/wp\/v2\/posts\/72443","targetHints":{"allow":["GET"]}}],"collection":[{"href":"https:\/\/antonini.psc.br\/index.php?rest_route=\/wp\/v2\/posts"}],"about":[{"href":"https:\/\/antonini.psc.br\/index.php?rest_route=\/wp\/v2\/types\/post"}],"author":[{"embeddable":true,"href":"https:\/\/antonini.psc.br\/index.php?rest_route=\/wp\/v2\/users\/1"}],"replies":[{"embeddable":true,"href":"https:\/\/antonini.psc.br\/index.php?rest_route=%2Fwp%2Fv2%2Fcomments&post=72443"}],"version-history":[{"count":5,"href":"https:\/\/antonini.psc.br\/index.php?rest_route=\/wp\/v2\/posts\/72443\/revisions"}],"predecessor-version":[{"id":72452,"href":"https:\/\/antonini.psc.br\/index.php?rest_route=\/wp\/v2\/posts\/72443\/revisions\/72452"}],"wp:attachment":[{"href":"https:\/\/antonini.psc.br\/index.php?rest_route=%2Fwp%2Fv2%2Fmedia&parent=72443"}],"wp:term":[{"taxonomy":"category","embeddable":true,"href":"https:\/\/antonini.psc.br\/index.php?rest_route=%2Fwp%2Fv2%2Fcategories&post=72443"},{"taxonomy":"post_tag","embeddable":true,"href":"https:\/\/antonini.psc.br\/index.php?rest_route=%2Fwp%2Fv2%2Ftags&post=72443"}],"curies":[{"name":"wp","href":"https:\/\/api.w.org\/{rel}","templated":true}]}}