{"id":72886,"date":"2024-12-29T20:42:17","date_gmt":"2024-12-29T20:42:17","guid":{"rendered":"https:\/\/antonini.psc.br\/?p=72886"},"modified":"2024-12-29T20:42:17","modified_gmt":"2024-12-29T20:42:17","slug":"geracao-z-esta-perdendo-uma-habilidade-que-temos-ha-55-mil-anos","status":"publish","type":"post","link":"https:\/\/antonini.psc.br\/?p=72886","title":{"rendered":"Gera\u00e7\u00e3o Z est\u00e1 perdendo uma habilidade que temos h\u00e1 5,5 mil anos"},"content":{"rendered":"<p style=\"text-align: justify;\">Efeito do t\u00e3o festejado e aclamado m\u00e9todo (d\u00eas)educacional&nbsp; intitulados &#8220;pedagogia do oprimido&#8221;, do demagogo farsante comunista lulopetistE Paulo Freire.<!--more--><\/p>\n\n<blockquote class=\"wp-block-quote is-layout-flow wp-block-quote-is-layout-flow\">\n<p>40% est\u00e3o perdendo a flu\u00eancia na comunica\u00e7\u00e3o<\/p>\n<\/blockquote>\n\n<p style=\"text-align: justify;\">Os adolescentes e mesmo os adultos de hoje n\u00e3o sabem escrever e menos ainda interpretar o que l\u00eaem. Sabem mal e porcamente desenhar palavras e soletr\u00e1-las.<\/p>\n<p style=\"text-align: justify;\">Se dermos um livro impresso para a molecada de hoje ler, n\u00e3o saber\u00e3o nem onde come\u00e7a e termina o livro, sendo at\u00e9 capazes de abri-lo pela contra-capa e de &#8220;cabe\u00e7a&#8221; para baixo (invertido).<\/p>\n<p style=\"text-align: justify;\">A &#8220;mo\u00e7ada&#8221; de hoje, chamada bem apropriada de gera\u00e7\u00e3o &#8220;Z&#8221;, de zumbi, s\u00f3 quer saber de jogar, assistir &#8220;lives&#8221; dos deplor\u00e1veis e in\u00fateis &#8220;influencers&#8221;, que n\u00e3o tem nada que preste a ensinar, e ouvir &#8220;podcasts&#8221;.<\/p>\n<p style=\"text-align: justify;\">Ler? Nem pensar, d\u00e1 trabalho, cansa! Leia <a href=\"https:\/\/br.ign.com\/tech\/134273\/news\/geracao-z-esta-perdendo-uma-habilidade-que-temos-ha-55-mil-anos-40-estao-perdendo-a-fluencia-na-comu\" target=\"_blank\" rel=\"noreferrer noopener\">aqui<\/a><\/p>\n<p style=\"text-align: center;\">[<a href=\"javascript:history.go(-1)\">Voltar<\/a>]<\/p>","protected":false},"excerpt":{"rendered":"<p>Efeito do t\u00e3o festejado e aclamado m\u00e9todo (d\u00eas)educacional&nbsp; intitulados &#8220;pedagogia do oprimido&#8221;, do demagogo farsante comunista lulopetistE Paulo Freire.<\/p>\n","protected":false},"author":1,"featured_media":0,"comment_status":"open","ping_status":"open","sticky":false,"template":"","format":"standard","meta":{"footnotes":""},"categories":[122],"tags":[],"class_list":["post-72886","post","type-post","status-publish","format-standard","hentry","category-saude-mental"],"_links":{"self":[{"href":"https:\/\/antonini.psc.br\/index.php?rest_route=\/wp\/v2\/posts\/72886","targetHints":{"allow":["GET"]}}],"collection":[{"href":"https:\/\/antonini.psc.br\/index.php?rest_route=\/wp\/v2\/posts"}],"about":[{"href":"https:\/\/antonini.psc.br\/index.php?rest_route=\/wp\/v2\/types\/post"}],"author":[{"embeddable":true,"href":"https:\/\/antonini.psc.br\/index.php?rest_route=\/wp\/v2\/users\/1"}],"replies":[{"embeddable":true,"href":"https:\/\/antonini.psc.br\/index.php?rest_route=%2Fwp%2Fv2%2Fcomments&post=72886"}],"version-history":[{"count":0,"href":"https:\/\/antonini.psc.br\/index.php?rest_route=\/wp\/v2\/posts\/72886\/revisions"}],"wp:attachment":[{"href":"https:\/\/antonini.psc.br\/index.php?rest_route=%2Fwp%2Fv2%2Fmedia&parent=72886"}],"wp:term":[{"taxonomy":"category","embeddable":true,"href":"https:\/\/antonini.psc.br\/index.php?rest_route=%2Fwp%2Fv2%2Fcategories&post=72886"},{"taxonomy":"post_tag","embeddable":true,"href":"https:\/\/antonini.psc.br\/index.php?rest_route=%2Fwp%2Fv2%2Ftags&post=72886"}],"curies":[{"name":"wp","href":"https:\/\/api.w.org\/{rel}","templated":true}]}}