{"id":729,"date":"2008-11-21T11:16:16","date_gmt":"2008-11-21T14:16:16","guid":{"rendered":"http:\/\/www.antonini.med.br\/blog\/?p=729"},"modified":"2022-02-15T03:29:57","modified_gmt":"2022-02-15T03:29:57","slug":"tamanho-e-velocidade","status":"publish","type":"post","link":"https:\/\/antonini.psc.br\/?p=729","title":{"rendered":"Tamanho e velocidade"},"content":{"rendered":"<p style=\"text-align: justify;\">Entre tantas coisas que impressionam severamente, neste ambiente brutal que est\u00e1 sendo revelado pela crise econ\u00f4mica global, duas delas chamam muito a nossa aten\u00e7\u00e3o: o tamanho e velocidade alucinante com que est\u00e1 sendo instalada.<!--more--><\/p>\n<p style=\"text-align: justify;\"><strong>C\u00c9U E INFERNO<\/strong><\/p>\n<p style=\"text-align: justify;\">Esta forma potente e abrupta, e sem precedentes, que n\u00e3o oportunizou um m\u00ednimo tempo para uma prepara\u00e7\u00e3o adequada, tem se definido como frustrante e complicada. \u00c9 dif\u00edcil admitir que, de uma hora para outra, o c\u00e9u virou um inferno. Sem qualquer parada intermedi\u00e1ria.<\/p>\n<p style=\"text-align: justify;\"><strong>GRANDE POT\u00caNCIA<\/strong><\/p>\n<p style=\"text-align: justify;\">Tudo, gente, aconteceu muito r\u00e1pido. Como se tiv\u00e9ssemos ido dormir convencidos de que o Brasil, finalmente, havia se tornado uma grande pot\u00eancia (pela demanda forte e eleva\u00e7\u00e3o dos pre\u00e7os das commodities aqui produzidas), e de repente, fomos acordados diante de uma nova realidade que dava a impress\u00e3o de que tudo n\u00e3o passara de um sonho.<\/p>\n<p style=\"text-align: justify;\"><strong>SONHO<\/strong><\/p>\n<p style=\"text-align: justify;\">Como as conseq\u00fc\u00eancias da crise j\u00e1 est\u00e3o pintando danosas demais pelo efeito global, o sonho da prosperidade e bonan\u00e7a alcan\u00e7ados no primeiro semestre j\u00e1 ganha conota\u00e7\u00e3o de pesadelo, inclusive beirando a possibilidade, imposs\u00edvel de ser descartada, de que uma recess\u00e3o esteja a caminho.<\/p>\n<p style=\"text-align: justify;\"><strong>RITMO ACELERADO<\/strong><\/p>\n<p style=\"text-align: justify;\">Como o ritmo da contamina\u00e7\u00e3o se acelera a cada dia que passa, o tempo para a assimila\u00e7\u00e3o fica mais comprometido. Isto impossibilita, tamb\u00e9m, uma descoberta r\u00e1pida de algum tipo de vacina capaz de neutralizar a for\u00e7a do v\u00edrus.<\/p>\n<p style=\"text-align: justify;\"><strong>SENTIMENTOS<\/strong><\/p>\n<p style=\"text-align: justify;\">O primeiro sentimento que tivemos, em agosto e setembro, foi de que est\u00e1vamos diante de uma crise financeira. Logo ap\u00f3s, em outubro, ainda tentando debelar a financeira, a crise econ\u00f4mica j\u00e1 anunciava a chegada. E agora, em novembro, ningu\u00e9m mais duvida de que uma crise social pode estar a caminho. Tomara que n\u00e3o chegue, pois, indiscutivelmente, seria a mais perigosa de todas.<\/p>\n<p style=\"text-align: justify;\"><strong>DECIS\u00c3O CORRETA<\/strong><\/p>\n<p style=\"text-align: justify;\">Se a crise me deixa temeroso, mais temeroso ainda me deixa a falta de decis\u00e3o r\u00e1pida e correta para tentar barrar a trajet\u00f3ria certeira dos efeitos. Se os empregos precisam ser preservados ao m\u00e1ximo, que o sejam, por algum tempo sem os custos de contribui\u00e7\u00f5es sociais. Que seja poss\u00edvel pagar s\u00f3 sal\u00e1rio, at\u00e9 que a nuvem negra passe.<\/p>\n<p style=\"text-align: justify;\"><strong>PODER DE DESTRUI\u00c7\u00c3O<\/strong><\/p>\n<p style=\"text-align: justify;\">O mesmo deveria acontecer com rela\u00e7\u00e3o a muitos impostos que s\u00e3o pagos pela sociedade. As al\u00edquotas deveriam ser reduzidas o mais r\u00e1pido poss\u00edvel. O momento, gente, exige o m\u00e1ximo de criatividade para evitar uma quebradeira. Caso contr\u00e1rio, o povo vai \u00e0s ruas. E a\u00ed a destrui\u00e7\u00e3o n\u00e3o ser\u00e1 s\u00f3 econ\u00f4mica. Ser\u00e1 total.<\/p>\n<p style=\"text-align: justify;\"><span style=\"font-family: Verdana,Arial,Helvetica,sans-serif; color: #666666; font-size: xx-small;\"><strong>Editor:<\/strong> <a href=\"http:\/\/www.pontocritico.com\/quem_eh.htm\">Gilberto Sim\u00f5es Pires<\/a><\/span><\/p>\n<p style=\"text-align: center;\">[<a href=\"javascript:history.go(-1)\">Voltar<\/a>]<span style=\"font-family: Verdana,Arial,Helvetica,sans-serif; color: #666666; font-size: xx-small;\"><br \/>\n<\/span><\/p>\n<p style=\"text-align: justify;\"><span style=\"font-family: Verdana,Arial,Helvetica,sans-serif; color: #666666; font-size: xx-small;\"><br \/>\n<\/span><\/p>\n","protected":false},"excerpt":{"rendered":"<p>Entre tantas coisas que impressionam severamente, neste ambiente brutal que est\u00e1 sendo revelado pela crise econ\u00f4mica global, duas delas chamam muito a nossa aten\u00e7\u00e3o: o tamanho e velocidade alucinante com que est\u00e1 sendo instalada.<\/p>\n","protected":false},"author":1,"featured_media":0,"comment_status":"open","ping_status":"open","sticky":false,"template":"","format":"standard","meta":{"footnotes":""},"categories":[27],"tags":[],"class_list":["post-729","post","type-post","status-publish","format-standard","hentry","category-noticias"],"_links":{"self":[{"href":"https:\/\/antonini.psc.br\/index.php?rest_route=\/wp\/v2\/posts\/729","targetHints":{"allow":["GET"]}}],"collection":[{"href":"https:\/\/antonini.psc.br\/index.php?rest_route=\/wp\/v2\/posts"}],"about":[{"href":"https:\/\/antonini.psc.br\/index.php?rest_route=\/wp\/v2\/types\/post"}],"author":[{"embeddable":true,"href":"https:\/\/antonini.psc.br\/index.php?rest_route=\/wp\/v2\/users\/1"}],"replies":[{"embeddable":true,"href":"https:\/\/antonini.psc.br\/index.php?rest_route=%2Fwp%2Fv2%2Fcomments&post=729"}],"version-history":[{"count":1,"href":"https:\/\/antonini.psc.br\/index.php?rest_route=\/wp\/v2\/posts\/729\/revisions"}],"predecessor-version":[{"id":28123,"href":"https:\/\/antonini.psc.br\/index.php?rest_route=\/wp\/v2\/posts\/729\/revisions\/28123"}],"wp:attachment":[{"href":"https:\/\/antonini.psc.br\/index.php?rest_route=%2Fwp%2Fv2%2Fmedia&parent=729"}],"wp:term":[{"taxonomy":"category","embeddable":true,"href":"https:\/\/antonini.psc.br\/index.php?rest_route=%2Fwp%2Fv2%2Fcategories&post=729"},{"taxonomy":"post_tag","embeddable":true,"href":"https:\/\/antonini.psc.br\/index.php?rest_route=%2Fwp%2Fv2%2Ftags&post=729"}],"curies":[{"name":"wp","href":"https:\/\/api.w.org\/{rel}","templated":true}]}}