{"id":72980,"date":"2025-01-16T22:35:17","date_gmt":"2025-01-16T22:35:17","guid":{"rendered":"https:\/\/antonini.psc.br\/?p=72980"},"modified":"2025-01-16T22:35:17","modified_gmt":"2025-01-16T22:35:17","slug":"luiz-bebado-corrupto-da-silva-quer-mudar-a-galeria-de-ex-presidentes","status":"publish","type":"post","link":"https:\/\/antonini.psc.br\/?p=72980","title":{"rendered":"Luiz beba\u00e7o corrupto da silva quer modificar a galeria de ex-presidentes"},"content":{"rendered":"<p style=\"text-align: justify;\">Inclua-se na galeria, sob as fotografias do molusco et\u00edlico, corrupto, vagabundo, analfabeto que crucificou Tiradentes, as condena\u00e7\u00f5es&nbsp; pela unanimidade dos ju\u00edzes de tr\u00eas inst\u00e2ncias por corrup\u00e7\u00e3o ativa e passiva, lavagem de dinheiro e forma\u00e7\u00e3o de quadrilha, a roubalheira institucionalizada em seu desgoverno, destrui\u00e7\u00e3o das institui\u00e7\u00f5es republicanas, a incompet\u00eancia administrativa, as mortes, persegui\u00e7\u00f5es e pris\u00e3o de opositores, etc, etc, etc.<!--more--> <\/p>\n<p style=\"text-align: justify;\">Se o psic\u00f3tico t\u00f3xico-metab\u00f3lico tivesse um pingo de vergonha na cara e dignidade, renunciava e sumia em sua insignific\u00e2ncia.<\/p>\n<p>Mat\u00e9ria <a href=\"http:\/\/youtube.com\/post\/Ugkx8FERAYcjYItI81XlkOv-0sR7wqqLhJHO?si=9Nk4eEWuYpsfObdC\" target=\"_blank\" rel=\"noreferrer noopener\">aqui<\/a><\/p>\n<p style=\"text-align: center;\">[<a href=\"javascript:history.go(-1)\">Voltar<\/a>]<\/p>\n","protected":false},"excerpt":{"rendered":"<p>Inclua-se na galeria, sob as fotografias do molusco et\u00edlico, corrupto, vagabundo, analfabeto que crucificou Tiradentes, as condena\u00e7\u00f5es&nbsp; pela unanimidade dos ju\u00edzes de tr\u00eas inst\u00e2ncias por corrup\u00e7\u00e3o ativa e passiva, lavagem de dinheiro e forma\u00e7\u00e3o de quadrilha, a roubalheira institucionalizada em seu desgoverno, destrui\u00e7\u00e3o das institui\u00e7\u00f5es republicanas, a incompet\u00eancia administrativa, as mortes, persegui\u00e7\u00f5es e pris\u00e3o de [&hellip;]<\/p>\n","protected":false},"author":1,"featured_media":0,"comment_status":"open","ping_status":"open","sticky":false,"template":"","format":"standard","meta":{"footnotes":""},"categories":[29],"tags":[],"class_list":["post-72980","post","type-post","status-publish","format-standard","hentry","category-politica"],"_links":{"self":[{"href":"https:\/\/antonini.psc.br\/index.php?rest_route=\/wp\/v2\/posts\/72980","targetHints":{"allow":["GET"]}}],"collection":[{"href":"https:\/\/antonini.psc.br\/index.php?rest_route=\/wp\/v2\/posts"}],"about":[{"href":"https:\/\/antonini.psc.br\/index.php?rest_route=\/wp\/v2\/types\/post"}],"author":[{"embeddable":true,"href":"https:\/\/antonini.psc.br\/index.php?rest_route=\/wp\/v2\/users\/1"}],"replies":[{"embeddable":true,"href":"https:\/\/antonini.psc.br\/index.php?rest_route=%2Fwp%2Fv2%2Fcomments&post=72980"}],"version-history":[{"count":0,"href":"https:\/\/antonini.psc.br\/index.php?rest_route=\/wp\/v2\/posts\/72980\/revisions"}],"wp:attachment":[{"href":"https:\/\/antonini.psc.br\/index.php?rest_route=%2Fwp%2Fv2%2Fmedia&parent=72980"}],"wp:term":[{"taxonomy":"category","embeddable":true,"href":"https:\/\/antonini.psc.br\/index.php?rest_route=%2Fwp%2Fv2%2Fcategories&post=72980"},{"taxonomy":"post_tag","embeddable":true,"href":"https:\/\/antonini.psc.br\/index.php?rest_route=%2Fwp%2Fv2%2Ftags&post=72980"}],"curies":[{"name":"wp","href":"https:\/\/api.w.org\/{rel}","templated":true}]}}