{"id":72987,"date":"2025-01-17T13:54:49","date_gmt":"2025-01-17T13:54:49","guid":{"rendered":"https:\/\/antonini.psc.br\/?p=72987"},"modified":"2025-01-22T19:20:18","modified_gmt":"2025-01-22T19:20:18","slug":"governador-de-santa-catarina-diz-que-cidade-se-destaca-pela-cor-da-pele","status":"publish","type":"post","link":"https:\/\/antonini.psc.br\/?p=72987","title":{"rendered":"O mimimi racista custar\u00e1 muito caro aos negros"},"content":{"rendered":"<p style=\"text-align: justify;\">Logo amargar\u00e3o o desemprego porque empresas s\u00e9rias n\u00e3o contratam gente que empunha bandeiras e quer benesses sem m\u00e9rito algum.<!--more--><\/p>\n<p>A not\u00edcia sensacionalista \u00e9:<\/p>\n<blockquote>\n<p style=\"text-align: justify;\">Governador de Santa Catarina diz que cidade se destaca &#8216;pela cor da pele&#8217;&#8230;<\/p>\n<\/blockquote>\n<p style=\"text-align: justify;\">Desde de que lula, o corrupto, lavador de dinheiro e quadrilheiro, crimes pelos quais foi condenado em tr\u00eas inst\u00e2ncias e pela unanimidade dos ju\u00edzes, sancionou a racista lei de cotas raciais, venho alertando os negros, pois fui estagi\u00e1rio no setor de recrutamento da antiga Brahma, hoje AmBev, e a ordem era n\u00e3o contratar quem defendesse racismo e ideologias de qualquer tipo.<\/p>\n<p style=\"text-align: justify;\">O Dia da Consci\u00eancia Negra n\u00e3o passa de uma celebra\u00e7\u00e3o do racismo e um marco da institucionaliza\u00e7\u00e3o e legaliza\u00e7\u00e3o da segrega\u00e7\u00e3o racial nesta republiqueta bananeira latRino-americana.<\/p>\n<p style=\"text-align: justify;\">Negros tupiniquins querem privil\u00e9gios e n\u00e3o igualdade. Querem tudo de m\u00e3o beijada, no tapet\u00e3o, sem terem de lutar, de mostrar merecimento e valor.<\/p>\n<p style=\"text-align: justify;\">Os negros tupiniquins acusam os brancos pela escravid\u00e3o, mas n\u00e3o sei se eles sabem que foram os negros que escravizaram negros em suas lutas tribais e os venderem aos portugueses e espanh\u00f3is nas costas africanas como mercadoria. Aqueles que n\u00e3o conseguiram vender, eles mesmos mataram. Consultem um bom livro de hist\u00f3ria.<\/p>\n<p style=\"text-align: justify;\">O t\u00e3o cultuado Zumbi dos Palmares tinha escravos&#8230; Isso mesmo que os senhores leram: <strong>Zumbi dos Palmares era senhor de escravos<\/strong>. Quem duvida que consulte um livro s\u00e9rio de hist\u00f3ria do Brasi, n\u00e3o as cartilhas comunistas lulopetistas.<\/p>\n<p style=\"text-align: justify;\">O homem mais rico de todos os tempos foi o imperador do Mali, um pa\u00eds africano, <strong>Mansa Musa<\/strong>, um negro que, no s\u00e9culo XIV, juntou a maior fortuna em ouro de todos os tempos, ouro este extra\u00eddo de minas nas quais utilizava <strong>m\u00e3o de obra escrava<\/strong>. Mansa Musa ditou as regras econ\u00f4micas da regi\u00e3o e fez o ouro desvalorizar devido \u00e0 quantidade do metal precioso que distribuiu pelo caminho quando de sua peregrina\u00e7\u00e3o \u00e0 Meeca. Ele era mu\u00e7ulmano.<\/p>\n<p style=\"text-align: justify;\">Sou descendente de italianos, de origem pura e, portanto, n\u00e3o tenho nada a ver com a escravid\u00e3o negra africana e n\u00e3o devo nada aos negros brasileiros. Se meus ancestrais tem alguma d\u00edvida hist\u00f3ria \u00e9 com os judeus, que Roma escravizou na idade antiga e e a It\u00e1lia contempor\u00e2nea, descendente direta da gloriosa Roma dos C\u00e9sares, Antoninus e Claudius, ajudou os nazistas a exterminar durante a segunda guerra mundial e que tem dignidade, n\u00e3o vivendo choramingando e exigindo compensa\u00e7\u00f5es de ningu\u00e9m. Trabalham e enriquecem por seus pr\u00f3prios meios. Constru\u00edram a segunda maior pot\u00eancia tecnol\u00f3gica do mundo no meio de deserto, cercado de inimigos de todos os lados.<\/p>\n<p style=\"text-align: justify;\">Enquanto a escravid\u00e3o no Brasil durou exatos 350 anos (1539 \u2013 1889) e para estas terras amaldi\u00e7oadas foram trazidos cerca de tr\u00eas milh\u00f5es de escravos durante os tr\u00eas s\u00e9culos e meio que durou a escravid\u00e3o, os nazistas roubaram e exterminaram seis milh\u00f5es de judeus em apenas seis anos (1939 \u2013 1945).<\/p>\n<p style=\"text-align: justify;\">Os judeus tamb\u00e9m foram escravizados ao longo do tempo e n\u00e3o vivem por a\u00ed posando de coitadinhos, culpando os iranianos (escravid\u00e3o na P\u00e9rsia at\u00e9 que o Rei Ciro os libertou e permitiu que voltassem \u00e0 Jerusal\u00e9m e reconstru\u00edssem o Tempo), os iraquianos (cativeiros da Ass\u00edria e Babil\u00f4nia) e outros povos que os escravizaram pelos seus fracassos, derrotas e sofrimentos, exigindo repara\u00e7\u00e3o e privil\u00e9gios.<\/p>\n<p style=\"text-align: justify;\">Os escravos n\u00e3o foram trazidos aqui for\u00e7osamente para serem roubados e mortos, mas vieram como mercadoria, para trabalhar e produzir e a maioria recebia alguma esp\u00e9cie de sal\u00e1rio, enquanto os judeus foram presos, torturados, massacrados, exterminados feito ervas daninhas.<\/p>\n<p style=\"text-align: center;\"><video controls=\"controls\" width=\"560\" height=\"x\"><source src=\"https:\/\/antonini.psc.br\/mp4\/1700.mp4\" type=\"video\/mp4\"\/><\/video><\/p>\n<p style=\"text-align: justify;\"><strong>Judeus alem\u00e3es nem pensam em cotas raciais\u2026 Repudiam! <\/strong>Nenhum judeu fica chorando m\u00e1goas ou \u201cpitangas\u201d na Alemanha atual, exigindo vantagens e prote\u00e7\u00e3o contra os germ\u00e2nicos por causa do holocausto. Judeus tem dignidade e amor pr\u00f3prio e n\u00e3o suportam viver de esmolas ou favores, enquanto os negros brasileiros\u2026 Reclamam muito, mas mostram poucos m\u00e9ritos.<\/p>\n<p style=\"text-align: justify;\">H\u00e1 um costume, tradi\u00e7\u00e3o ou mesmo institui\u00e7\u00e3o no juda\u00edsmo chamado <em><strong>bar&nbsp;mitzvah&nbsp;<\/strong><\/em>(\u1263\u122d \u121a\u123d\u126b) na qual, ao completar 13 anos o filho HOMEM \u00e9 considerado adulto e tem de enfrentar uma esp\u00e9cie de sabatina ou argui\u00e7\u00e3o para testar sua intelig\u00eancia e gra\u00e7as a esta tradi\u00e7\u00e3o, Israel \u00e9 um dos pa\u00edses que mais se faz pesquisa acad\u00eamica e tecnol\u00f3gica no mundo. \u00c9 o segundo colocado em n\u00famero de Pr\u00eamios Nobel e de patentes.&nbsp;<\/p>\n<p style=\"text-align: center;\"><video controls=\"controls\" width=\"560\" height=\"x\"><source src=\"https:\/\/antonini.psc.br\/mp4\/5112b.mp4\" type=\"video\/mp4\"\/><\/video><\/p>\n<p style=\"text-align: justify;\">A maioria dos catarinenses \u00e9 descendente de alem\u00e3es, tanto que h\u00e1 cidades, como Pomerode, onde se fala predominantemente o idioma alem\u00e3o. Gente que trabalha, conquista seu p\u00e3o di\u00e1rio, tem dignidade e n\u00e3o pensa ou tolera viver de esmolas ou benef\u00edcios e, da mesma forma que eu, n\u00e3o deve nada aos afrodescendentes..<\/p>\n<p style=\"text-align: center;\"><video controls=\"controls\" width=\"560\" height=\"x\"><source src=\"https:\/\/antonini.psc.br\/mp4\/1262.mp4\" type=\"video\/mp4\"\/><\/video><\/p>\n<p style=\"text-align: justify;\">H\u00e1 verdades que n\u00e3o se podem esconder: a \u00c1frica \u00e9 o continente mais antigo. A humanidade surgiu l\u00e1, e tem todos os recursos minerais e vegetais existentes na floresta amaz\u00f4nica, mas \u00e9 o continente mais atrasado. Por que ser\u00e1?<\/p>\n<p style=\"text-align: center;\"><iframe loading=\"lazy\" src=\"\/\/www.youtube.com\/embed\/cn9tru5BHPs\" width=\"560\" height=\"314\" allowfullscreen=\"allowfullscreen\"><\/iframe><\/p>\n<p>5631<\/p>\n<p align=\"justify\"><strong>Leia mais:<\/strong><\/p>\n<ul>\n<li><a href=\"?p=33404\">Teste r\u00e1pido de sanidade mental<\/a><\/li>\n<\/ul>\n<p style=\"text-align: center;\">[<a href=\"javascript:history.go(-1)\">Voltar<\/a>]<\/p>\n","protected":false},"excerpt":{"rendered":"<p>Logo amargar\u00e3o o desemprego porque empresas s\u00e9rias n\u00e3o contratam gente que empunha bandeiras e quer benesses sem m\u00e9rito algum.<\/p>\n","protected":false},"author":1,"featured_media":0,"comment_status":"open","ping_status":"open","sticky":false,"template":"","format":"standard","meta":{"footnotes":""},"categories":[29],"tags":[],"class_list":["post-72987","post","type-post","status-publish","format-standard","hentry","category-politica"],"_links":{"self":[{"href":"https:\/\/antonini.psc.br\/index.php?rest_route=\/wp\/v2\/posts\/72987","targetHints":{"allow":["GET"]}}],"collection":[{"href":"https:\/\/antonini.psc.br\/index.php?rest_route=\/wp\/v2\/posts"}],"about":[{"href":"https:\/\/antonini.psc.br\/index.php?rest_route=\/wp\/v2\/types\/post"}],"author":[{"embeddable":true,"href":"https:\/\/antonini.psc.br\/index.php?rest_route=\/wp\/v2\/users\/1"}],"replies":[{"embeddable":true,"href":"https:\/\/antonini.psc.br\/index.php?rest_route=%2Fwp%2Fv2%2Fcomments&post=72987"}],"version-history":[{"count":2,"href":"https:\/\/antonini.psc.br\/index.php?rest_route=\/wp\/v2\/posts\/72987\/revisions"}],"predecessor-version":[{"id":73053,"href":"https:\/\/antonini.psc.br\/index.php?rest_route=\/wp\/v2\/posts\/72987\/revisions\/73053"}],"wp:attachment":[{"href":"https:\/\/antonini.psc.br\/index.php?rest_route=%2Fwp%2Fv2%2Fmedia&parent=72987"}],"wp:term":[{"taxonomy":"category","embeddable":true,"href":"https:\/\/antonini.psc.br\/index.php?rest_route=%2Fwp%2Fv2%2Fcategories&post=72987"},{"taxonomy":"post_tag","embeddable":true,"href":"https:\/\/antonini.psc.br\/index.php?rest_route=%2Fwp%2Fv2%2Ftags&post=72987"}],"curies":[{"name":"wp","href":"https:\/\/api.w.org\/{rel}","templated":true}]}}