{"id":73040,"date":"2025-01-21T15:52:57","date_gmt":"2025-01-21T15:52:57","guid":{"rendered":"https:\/\/antonini.psc.br\/?p=73040"},"modified":"2025-01-21T15:52:57","modified_gmt":"2025-01-21T15:52:57","slug":"no-desespero-a-esquerda-latrino-americana-comete-crimes-sobre-crimes","status":"publish","type":"post","link":"https:\/\/antonini.psc.br\/?p=73040","title":{"rendered":"No desespero a esquerda latRino-americana comete crimes sobre crimes"},"content":{"rendered":"<p style=\"text-align: justify;\">Transcrito integralmente de um s\u00edtio patri\u00f3tico:<!--more--><\/p>\n<hr \/>\n<p align=\"justify\">Criminosamente a rede Goebbes tirando atos, gestos e palavras de contexto, como sempre, numa tentativa desesperada de aliviar a barra imunda do molusco psicopata et\u00edlico que destr\u00f3i o Brasil.<\/p>\n\n<blockquote class=\"wp-block-quote is-layout-flow wp-block-quote-is-layout-flow\">\n<p align=\"justify\">Gesto de Musk gera pol\u00eamica durante fala do bilion\u00e1rio em evento da posse de Trump<\/p>\n<p align=\"justify\">Dono do X e da Tesla discursou em Washington em um gin\u00e1sio que recebe apoiadores do presidente dos Estados Unidos.<\/p>\n<p align=\"justify\">Nas redes sociais, alguns usu\u00e1rios interpretaram um gesto do empres\u00e1rio em dire\u00e7\u00e3o ao p\u00fablico como uma sauda\u00e7\u00e3o nazista.<\/p>\n<\/blockquote>\n<p align=\"justify\">A sauda\u00e7\u00e3o nazista \u00e9 pl\u00e1gio do sinal de ordem de graus de diversos ritos praticados em diversas ordens inici\u00e1ticas cujas exist\u00eancias remontam \u00e0 idade antiga, aos prim\u00f3rdios da civiliza\u00e7\u00e3o, milhares de anos antes do nazismo.<\/p>\n<p align=\"justify\">Al\u00e9m das ordens inici\u00e1ticas, no rito cat\u00f3lico do batismo, quando os pais e os padrinhos v\u00e3o rezar junto com o sacerdote pela crian\u00e7a que est\u00e1 sendo batizada, h\u00e1 o rito da <strong>imposi\u00e7\u00e3o de m\u00e3os<\/strong>, que \u00e9 o ato de estender o bra\u00e7o direito para frente, com a m\u00e3o espalmada voltada para baixo, igualzinho a tal sauda\u00e7\u00e3o nazista&#8230; Sabem h\u00e1 quanto tempo se faz este sinal? H\u00e1 mais de 17 s\u00e9culos, ou seja, desde o s\u00e9culo IV, quando o cristianismo se tornou religi\u00e3o oficial do Imp\u00e9rio Romano e surgiu a Igreja Cat\u00f3lica, que escreveu seus&nbsp; rituais, um deles o de batismo.<\/p>\n<p align=\"justify\">Nas sess\u00f5es p\u00fablicas de cola\u00e7\u00e3o de grau em faculdades e universidade, quando o juramentista da turma de formandos diz &#8220;<strong>ao juramento&#8221;, <\/strong>todos os formandos fazem o mesmo sinal de imposi\u00e7\u00e3o de m\u00e3os para fazerem o juramento da profiss\u00e3o.<\/p>\n<p align=\"justify\">Os tais usu\u00e1rios de redes sociais que comentaram e elucubraram sobre algo que n\u00e3o existiu, certamente s\u00e3o jornaZistEs lulopetistEs pagos para passarem vergonha no cr\u00e9dito, no d\u00e9bito, no carn\u00ea, no PIX, no boleto, na fatura, defendendo um ladr\u00e3o, cachaceira e analfabeto, e tamb\u00e9m petistas parasitas do contribuinte, que est\u00e3o desesperado com o que vem por a\u00ed.<\/p>\n<p align=\"justify\">A esquerda analfabeta, gastroc\u00e9fala, que sequer sabe ler e escrever e, portanto, jamais leu um livro de hist\u00f3ria da humanidade, n\u00e3o pode ver&nbsp; uma vergonha dando sopa que j\u00e1 quer ser apoderar dela e dar vexame, como sempre. Ser\u00e1 que teremos de desenhar para eles entenderem algo t\u00e3o elementar?<\/p>\n<p align=\"justify\">Leia a not\u00edcia criminosa <a href=\"https:\/\/g1.globo.com\/tecnologia\/noticia\/2025\/01\/20\/musk-cita-marte-em-evento-de-trump-e-diz-que-futuro-da-civilizacao-esta-garantido.ghtml\" target=\"_blank\" rel=\"noreferrer noopener\">aqui<\/a><\/p>\n<p align=\"justify\">Fonte: <a href=\"https:\/\/opatriota.org\" target=\"_blank\" rel=\"noopener\">&#8220;O Patriota&#8221;<\/a><\/p>\n<p style=\"text-align: center;\">[<a href=\"javascript:history.go(-1)\">Voltar<\/a>]<\/p>","protected":false},"excerpt":{"rendered":"<p>Transcrito integralmente de um s\u00edtio patri\u00f3tico:<\/p>\n","protected":false},"author":1,"featured_media":0,"comment_status":"open","ping_status":"open","sticky":false,"template":"","format":"standard","meta":{"footnotes":""},"categories":[29],"tags":[],"class_list":["post-73040","post","type-post","status-publish","format-standard","hentry","category-politica"],"_links":{"self":[{"href":"https:\/\/antonini.psc.br\/index.php?rest_route=\/wp\/v2\/posts\/73040","targetHints":{"allow":["GET"]}}],"collection":[{"href":"https:\/\/antonini.psc.br\/index.php?rest_route=\/wp\/v2\/posts"}],"about":[{"href":"https:\/\/antonini.psc.br\/index.php?rest_route=\/wp\/v2\/types\/post"}],"author":[{"embeddable":true,"href":"https:\/\/antonini.psc.br\/index.php?rest_route=\/wp\/v2\/users\/1"}],"replies":[{"embeddable":true,"href":"https:\/\/antonini.psc.br\/index.php?rest_route=%2Fwp%2Fv2%2Fcomments&post=73040"}],"version-history":[{"count":0,"href":"https:\/\/antonini.psc.br\/index.php?rest_route=\/wp\/v2\/posts\/73040\/revisions"}],"wp:attachment":[{"href":"https:\/\/antonini.psc.br\/index.php?rest_route=%2Fwp%2Fv2%2Fmedia&parent=73040"}],"wp:term":[{"taxonomy":"category","embeddable":true,"href":"https:\/\/antonini.psc.br\/index.php?rest_route=%2Fwp%2Fv2%2Fcategories&post=73040"},{"taxonomy":"post_tag","embeddable":true,"href":"https:\/\/antonini.psc.br\/index.php?rest_route=%2Fwp%2Fv2%2Ftags&post=73040"}],"curies":[{"name":"wp","href":"https:\/\/api.w.org\/{rel}","templated":true}]}}