{"id":73060,"date":"2024-12-22T14:32:35","date_gmt":"2024-12-22T14:32:35","guid":{"rendered":"https:\/\/antonini.psc.br\/?p=73060"},"modified":"2025-06-25T16:14:52","modified_gmt":"2025-06-25T16:14:52","slug":"curitiba","status":"publish","type":"post","link":"https:\/\/antonini.psc.br\/?p=73060","title":{"rendered":"Curitiba"},"content":{"rendered":"<ul>\n<li><a href=\"?p=73129\">Blitz de tr\u00e2nsito da Guarda Municipal dentro de uma trincheira (12 de mar\u00e7o de 2022)<\/a><\/li>\n<li><a href=\"?p=73132\">Chuva em Curitiba (16 de janeiro de 2022)<\/a><\/li>\n<li><a href=\"?p=73124\">Cupins, os melhores companheiros dos curitibanos<\/a><\/li>\n<li><a href=\"?p=74168\">Curitiba, 24 de junho de 2025, 7 horas e 55 minutos da manh\u00e3<\/a><\/li>\n<li><a href=\"?p=73104\">Curitiba do lado leste, divisa com o munic\u00edpio de Pinhais (19 de setembro de 2022)<\/a><\/li>\n<li><a href=\"?p=73091\">Da Av. Maring\u00e1 em Pinhais, at\u00e9 a R. Matheus Leme (1\u00b0 de setembro de 2023)<\/a><\/li>\n<li><a href=\"?p=73107\">Da Rua Benedito Concei\u00e7\u00e3o at\u00e9 a Rua Natal (28 de agosto de 2022)<\/a><\/li>\n<li><a href=\"?p=73112\">Da Rua Harry Feecken em S\u00e3o Jos\u00e9 dos Pinhais at\u00e9 a Rua Dr. Faivre, em Curitiba (20 de agosto de 2022)<\/a><\/li>\n<li><a href=\"?p=73078\">Da Rua Mateus Leme at\u00e9 Igreja Batista Betel, no bairro Cap\u00e3o da Imbuia (1\u00ba de setembro de 2023)<\/a><\/li>\n<li><a href=\"?p=73572\">De Curitiba at\u00e9 o Hospital Angelina Caron em Campina Grande do Sul  (11 de maio de 2024)<\/a><\/li>\n<li><a href=\"?p=73569\">Do Hospital Angelina Caron em Campina Grande do Sul at\u00e9 Curitiba (11 de maio de 2024)<\/a><\/li>\n<li><a href=\"?p=73062\">Do leste at\u00e9 o noroeste da cidade (18 de janeiro de 2024)<\/a><\/li>\n<li><a href=\"?p=73168\">Debil\u00f3ide habilitado: o c\u00famulo da irrespons\u00e1vel e da ilegalidade<\/a><\/li>\n<li><a href=\"?p=74187\">Evolu\u00e7\u00e3o da temperatura em Curitiba entre 24 e 25 de junho de 2025<\/a><\/li>\n<li><a href=\"?p=73118\">Fim do florescimento das cerejeiras japonesas em Curitiba<\/a><\/li>\n<li><a href=\"?p=73157\">Imbecilis habilitadus: cortou a frente e invadiu a pista em que eu estava<\/a><\/li>\n<li><a href=\"?p=73151\">Ip\u00ea amarelo florescendo na primavera de Curitiba (9 de setembro de 2021)<\/a><\/li>\n<li><a href=\"?p=73083\">Musgos que proliferam com as chuvas e a umidade em Curitiba<\/a><\/li>\n<li><a href=\"?p=73147\">Os sem\u00e1foros sincronizados da Rua Dr. Faivre (21 de setembro de 2021)\n<li><a href=\"?p=73087\">Os taxistas de Curitiba \u2013 respeito zero, loucura 10<\/a><\/li>\n<li><a href=\"?p=73172\">Obras na Rua Osm\u00e1rio de Lima \u2013 pavimenta\u00e7\u00e3o definitiva em concreto (30 de dezembro de 2023)<\/a><\/li>\n<li><a href=\"?p=73154\">Obras na Rua Osm\u00e1rio de Lima (24 de janeiro de 2024)<\/a><\/li>\n<li><a href=\"?p=73164\">Obras na Rua Osm\u00e1rio de Lima (1\u00ba de mar\u00e7o de 2024)<\/a><\/li>\n<li><a href=\"?p=73143\">Passeando por Curitiba \u2013 Cap\u00e3o da Imbuia at\u00e9 a Vila Haeur (28 de setembro de 2021)<\/a><\/li>\n<li><a href=\"?p=73140\">Passeando por Curitiba \u2013 Vila Hauer at\u00e9 o Cap\u00e3o da Imbuia (28 de setembro de 2021)<\/a><\/li>\n<li><a href=\"?p=73121\">Passeio por Curitiba (16 de abril de 2022)<\/a><\/li>\n<li><a href=\"?p=73531\">Qual \u00e9 o s\u00edmbolo de Curitiba?<\/a><\/li>\n<li><a href=\"?p=73094\">Regi\u00e3o metropolitana de Curitiba (17 de dezembro de 2022)<\/a><\/li>\n<li><a href=\"?p=73099\">Shopping Jockey Plaza (24 de mar\u00e7o de 2022)<\/a><\/li>\n<li><a href=\"?p=73137\">Tempestade em Curitiba (1\u00ba de julho de 2020)<\/a><\/li>\n<li><a href=\"?p=73161\">Uma das sa\u00eddas do Centro Polit\u00e9cnico da UFPR<\/a><\/li>\n<p><\/a><\/li>\n<\/ul>\n<p style=\"text-align: center;\">[<a href=\"javascript:history.go(-1)\">Voltar<\/a>]<\/p>\n","protected":false},"excerpt":{"rendered":"<p>Blitz de tr\u00e2nsito da Guarda Municipal dentro de uma trincheira (12 de mar\u00e7o de 2022) Chuva em Curitiba (16 de janeiro de 2022) Cupins, os melhores companheiros dos curitibanos Curitiba, 24 de junho de 2025, 7 horas e 55 minutos da manh\u00e3 Curitiba do lado leste, divisa com o munic\u00edpio de Pinhais (19 de setembro [&hellip;]<\/p>\n","protected":false},"author":1,"featured_media":0,"comment_status":"open","ping_status":"open","sticky":false,"template":"","format":"standard","meta":{"footnotes":""},"categories":[125],"tags":[],"class_list":["post-73060","post","type-post","status-publish","format-standard","hentry","category-turismo"],"_links":{"self":[{"href":"https:\/\/antonini.psc.br\/index.php?rest_route=\/wp\/v2\/posts\/73060","targetHints":{"allow":["GET"]}}],"collection":[{"href":"https:\/\/antonini.psc.br\/index.php?rest_route=\/wp\/v2\/posts"}],"about":[{"href":"https:\/\/antonini.psc.br\/index.php?rest_route=\/wp\/v2\/types\/post"}],"author":[{"embeddable":true,"href":"https:\/\/antonini.psc.br\/index.php?rest_route=\/wp\/v2\/users\/1"}],"replies":[{"embeddable":true,"href":"https:\/\/antonini.psc.br\/index.php?rest_route=%2Fwp%2Fv2%2Fcomments&post=73060"}],"version-history":[{"count":5,"href":"https:\/\/antonini.psc.br\/index.php?rest_route=\/wp\/v2\/posts\/73060\/revisions"}],"predecessor-version":[{"id":74190,"href":"https:\/\/antonini.psc.br\/index.php?rest_route=\/wp\/v2\/posts\/73060\/revisions\/74190"}],"wp:attachment":[{"href":"https:\/\/antonini.psc.br\/index.php?rest_route=%2Fwp%2Fv2%2Fmedia&parent=73060"}],"wp:term":[{"taxonomy":"category","embeddable":true,"href":"https:\/\/antonini.psc.br\/index.php?rest_route=%2Fwp%2Fv2%2Fcategories&post=73060"},{"taxonomy":"post_tag","embeddable":true,"href":"https:\/\/antonini.psc.br\/index.php?rest_route=%2Fwp%2Fv2%2Ftags&post=73060"}],"curies":[{"name":"wp","href":"https:\/\/api.w.org\/{rel}","templated":true}]}}