{"id":732,"date":"2008-11-21T14:09:55","date_gmt":"2008-11-21T14:09:55","guid":{"rendered":"http:\/\/www.antonini.med.br\/blog\/?p=732"},"modified":"2022-02-15T03:29:57","modified_gmt":"2022-02-15T03:29:57","slug":"a-crise-e-as-licoes-do-norte","status":"publish","type":"post","link":"https:\/\/antonini.psc.br\/?p=732","title":{"rendered":"A crise e as li\u00e7\u00f5es do Norte"},"content":{"rendered":"<p style=\"text-align: justify;\"><span style=\"font-family: Verdana;\"><!--more-->A postura c\u00edvica dos dois contendores do \u00faltimo pleito  eleitoral nos Estados Unidos da Am\u00e9rica do Norte \u00e9 um exemplo que deveria  inspirar todos os governantes da terra. As diferen\u00e7as pol\u00edticas foram colocadas  num plano secund\u00e1rio em nome de um entendimento nacional que possibilite o  enfrentamento competente e eficiente da crise. O debate exacerbado na busca pelo  poder na maior na\u00e7\u00e3o do mundo n\u00e3o impediu a retomada do di\u00e1logo ap\u00f3s a abertura  das urnas, diante da gravidade da crise econ\u00f4mica que se abate sobre aquela  grande na\u00e7\u00e3o.<\/span><\/p>\n<p style=\"text-align: justify;\"><em><span style=\"font-family: Verdana;\">Alvaro Dias<\/span><\/em><\/p>\n<p style=\"text-align: justify;\"><span style=\"font-family: Verdana;\">O candidato republicano John McCain surpreendeu, logo ap\u00f3s  sua derrota, afirmando sobre Obama: \u201cEle foi meu advers\u00e1rio; hoje \u00e9 meu  Presidente\u201d, e, agora, demonstra grandeza quando pretende somar-se aos  democratas para contribuir na luta contra a crise.<\/span><\/p>\n<p style=\"text-align: justify;\"><span style=\"font-family: Verdana;\">Nesta semana questionei da tribuna do Senado o fato de o  Governo brasileiro n\u00e3o ter convocado ainda todas as for\u00e7as vivas da  nacionalidade para, de forma suprapartid\u00e1ria, constituir um comit\u00ea de crise  reunindo especialistas de todas as origens com o fim de elencar as medidas mais  inteligentes e eficazes no combate \u00e0 crise e minimizar os seus efeitos sobre o  povo brasileiro.<\/span><\/p>\n<p style=\"text-align: justify;\"><span style=\"font-family: Verdana;\">N\u00e3o h\u00e1 como ignorar a necessidade de um pacto entre  governos. \u00c9 o momento para um pacto, inclusive no Brasil, entre as nossas for\u00e7as  vivas representativas da economia nacional. \u00c9 hora de abandonar o ego\u00edsmo. Os  interesses localizados devem dar lugar \u00e0s prioridades da coletividade. A crise \u00e9  global e, portanto, as solu\u00e7\u00f5es n\u00e3o podem ser isoladas e localizadas. \u00c9  igualmente inconceb\u00edvel que as aten\u00e7\u00f5es se voltem apenas para as  vulnerabilidades do sistema financeiro.<\/span><\/p>\n<p style=\"text-align: justify;\"><span style=\"font-family: Verdana;\">A recess\u00e3o j\u00e1 \u00e9 uma realidade. A poderosa e organizada  economia japonesa, por exemplo, j\u00e1 est\u00e1 em recess\u00e3o. A Alemanha &#8211; principal  economia da Europa &#8211; ingressa num per\u00edodo recessivo.<\/span><\/p>\n<p style=\"text-align: justify;\"><span style=\"font-family: Verdana;\">Em que pese o esfor\u00e7o do Governo Federal em ampliar a  oferta de cr\u00e9dito na economia, uma pesquisa<\/span><strong> <\/strong> <span style=\"font-family: Verdana;\">da FIESP \u2013 Federa\u00e7\u00e3o das Ind\u00fastrias  do Estado de S\u00e3o Paulo \u2013 revela que o acesso ao cr\u00e9dito n\u00e3o melhorou. Um dado em  especial revelado pela referida pesquisa merece ser destacado: os bancos  brasileiros est\u00e3o cobrando juros excessivos e represando o dinheiro.<\/span><\/p>\n<p style=\"text-align: justify;\"><span style=\"font-family: Verdana;\">Nos Adiantamentos sobre Contrato de C\u00e2mbio \u2013 ACCs \u2013, na  semana de 29 de outubro a 04 de novembro, os juros cobrados pelos grandes bancos  oscilavam de 6,3% ao ano (al\u00e9m da varia\u00e7\u00e3o cambial), no caso do Bradesco, a  21,6% ao ano,\u00a0 do Ita\u00fa.<\/span><\/p>\n<p style=\"text-align: justify;\"><span style=\"font-family: Verdana;\">Vale ressaltar que essa modalidade de financiamento \u00e9  tomada pelas companhias exportadoras, numa opera\u00e7\u00e3o que envolve a tomada do  empr\u00e9stimo nos bancos e o posterior pagamento com o dinheiro proveniente das  vendas no exterior. A m\u00e9dia das tarifas nas linhas de capital de  giro<\/span><strong> <\/strong> <span style=\"font-family: Verdana;\">oscilava de  35,4% no Unibanco a 50,2% no Banco do Brasil. Fica aqui uma pergunta: o que  explica a gritante diferen\u00e7a de taxas entre bancos, considerando que o custo de  capta\u00e7\u00e3o do dinheiro \u00e9 o mesmo entre as grandes institui\u00e7\u00f5es  financeiras?<\/span><\/p>\n<p style=\"text-align: justify;\"><span style=\"font-family: Verdana;\">Ouvi reclamos, nos \u00faltimos dias, que preocupam muito. O  Governo anunciou a libera\u00e7\u00e3o de bilh\u00f5es de reais para agricultura, e h\u00e1  agricultores distantes do cr\u00e9dito. Reclamam da burocracia, n\u00e3o conseguem os  financiamentos de que necessitam.<\/span><\/p>\n<p style=\"text-align: justify;\"><span style=\"font-family: Verdana;\">A prop\u00f3sito, registro as leg\u00edtimas reclama\u00e7\u00f5es dos  avicultores do Paran\u00e1. Diante do an\u00fancio do Governo de que bilh\u00f5es de reais  seriam disponibilizados para os exportadores do pa\u00eds, animaram-se e buscaram o  cr\u00e9dito. N\u00e3o tiveram qualquer facilidade. Na verdade n\u00e3o conseguiram chegar nem  mesmo ao Comit\u00ea de Cr\u00e9dito do Banco do Brasil. Os pr\u00f3prios gerentes da  institui\u00e7\u00e3o ficam numa posi\u00e7\u00e3o desconfort\u00e1vel: n\u00e3o conseguem dar resposta aos  clientes que os procuram.<\/span><\/p>\n<p style=\"text-align: justify;\"><span style=\"font-family: Verdana;\">O enfrentamento da crise exige compet\u00eancia, seriedade,  equil\u00edbrio e total transpar\u00eancia. Os entraves s\u00e3o in\u00fameros. \u00c9 urgente reduzir os  gastos correntes do governo e privilegiar\u00a0 os investimentos p\u00fablicos na \u00e1rea de  infra-estrutura. \u00c9 imperioso igualmente reduzir as incertezas regulat\u00f3rias para  os investimentos, com o objetivo de promover a competitividade da economia. O  governo n\u00e3o se preocupou em planejar, esquecendo de fixar uma agenda da  produtividade e da inova\u00e7\u00e3o. O compadrio e o aparelhamento da m\u00e1quina p\u00fablica  fizeram escola na gest\u00e3o do presidente Lula.<\/span><\/p>\n<p style=\"text-align: justify;\"><span style=\"font-family: Verdana;\">A complexidade da crise financeira internacional imp\u00f5e  austeridade e o estabelecimento de um debate amplo sem conota\u00e7\u00e3o ideol\u00f3gica ou  partid\u00e1ria. As li\u00e7\u00f5es do norte devem ser incorporadas \u00e0 cartilha local para  superar os \u00f3bices que est\u00e3o postos a todas as na\u00e7\u00f5es.<br \/>\n<\/span><br \/>\n<span style=\"font-family: Verdana;\">Senador<\/span><strong> <span style=\"font-family: Verdana;\">Alvaro Dias<\/span><\/strong><span style=\"font-family: Verdana;\"> \u2013 2\u00ba Vice Presidente do Senado, vice-l\u00edder do PSDB<\/span><\/p>\n<p style=\"text-align: justify;\">Assessoria de Comunica\u00e7\u00e3o &#8211; Gabinete do  Senador Alvaro Dias<br \/>\nJornalista  respons\u00e1vel: Cristiane  Salles<br \/>\nE-mail: <a href=\"mailto:gsadia@senado.gov.br\">gsadia@senado.gov.br<\/a><br \/>\nMais Informa\u00e7\u00f5es no site:<br \/>\n<a href=\"http:\/\/www.alvarodias.com.br\/\">www.alvarodias.com.br<\/a><\/p>\n<p style=\"text-align: justify;\">Veja  as opini\u00f5es de Alvaro Dias sobre os temas do dia e fa\u00e7a coment\u00e1rios  no <a href=\"http:\/\/www.blogalvarodias.com\/\">Blog do Alvaro  Dias<\/a><\/p>\n<p style=\"text-align: center;\">[<a href=\"javascript:history.go(-1)\">Voltar<\/a>]<\/p>\n<p style=\"text-align: justify;\"><span style=\"font-size: xx-small; font-family: Arial;\"><br \/>\n<\/span><\/p>\n","protected":false},"excerpt":{"rendered":"","protected":false},"author":1,"featured_media":0,"comment_status":"open","ping_status":"open","sticky":false,"template":"","format":"standard","meta":{"footnotes":""},"categories":[27],"tags":[],"class_list":["post-732","post","type-post","status-publish","format-standard","hentry","category-noticias"],"_links":{"self":[{"href":"https:\/\/antonini.psc.br\/index.php?rest_route=\/wp\/v2\/posts\/732","targetHints":{"allow":["GET"]}}],"collection":[{"href":"https:\/\/antonini.psc.br\/index.php?rest_route=\/wp\/v2\/posts"}],"about":[{"href":"https:\/\/antonini.psc.br\/index.php?rest_route=\/wp\/v2\/types\/post"}],"author":[{"embeddable":true,"href":"https:\/\/antonini.psc.br\/index.php?rest_route=\/wp\/v2\/users\/1"}],"replies":[{"embeddable":true,"href":"https:\/\/antonini.psc.br\/index.php?rest_route=%2Fwp%2Fv2%2Fcomments&post=732"}],"version-history":[{"count":1,"href":"https:\/\/antonini.psc.br\/index.php?rest_route=\/wp\/v2\/posts\/732\/revisions"}],"predecessor-version":[{"id":27272,"href":"https:\/\/antonini.psc.br\/index.php?rest_route=\/wp\/v2\/posts\/732\/revisions\/27272"}],"wp:attachment":[{"href":"https:\/\/antonini.psc.br\/index.php?rest_route=%2Fwp%2Fv2%2Fmedia&parent=732"}],"wp:term":[{"taxonomy":"category","embeddable":true,"href":"https:\/\/antonini.psc.br\/index.php?rest_route=%2Fwp%2Fv2%2Fcategories&post=732"},{"taxonomy":"post_tag","embeddable":true,"href":"https:\/\/antonini.psc.br\/index.php?rest_route=%2Fwp%2Fv2%2Ftags&post=732"}],"curies":[{"name":"wp","href":"https:\/\/api.w.org\/{rel}","templated":true}]}}