{"id":73861,"date":"2025-05-03T13:50:15","date_gmt":"2025-05-03T13:50:15","guid":{"rendered":"https:\/\/antonini.com.br\/?p=73861"},"modified":"2025-05-03T14:10:43","modified_gmt":"2025-05-03T14:10:43","slug":"a-falsa-discussao-sobre-o-racismo","status":"publish","type":"post","link":"https:\/\/antonini.psc.br\/?p=73861","title":{"rendered":"A falsa discuss\u00e3o sobre o racismo"},"content":{"rendered":"<p style=\"text-align: justify;\">O col\u00f3quio fl\u00e1cido para acalentar bovinos do racismo j\u00e1 est\u00e1 enojando a sociedade que trabalha, paga impostos e n\u00e3o tolera mais sustentar vagabundos, parasitas, e enriquecer pol\u00edticos corruptos, magistrados corrompidos, pelegos sindicais e militares covardes e vendidos.<!--more--><\/p>\n<p style=\"text-align: justify;\">O Universo On Line, como todo ve\u00edculo de comunica\u00e7\u00e3o de massa que serve a ideologias pol\u00edticas que lhes encham os bolsos com dinheiro arrancado do pagador de impostos, publicou em uma coluna RACISTA que mant\u00e9m em seu portal intitulada &#8220;N\u00f3s Negros&#8221;, a seguinte opini\u00e3o de colunista&nbsp; pau mandado e a servi\u00e7o da ideologia que j\u00e1 matou mais que todas as guerras e epidemias dos \u00faltimos dois s\u00e9culos somadas, transcrita&nbsp;<em>ipsis literis<\/em> abaixo:<\/p>\n<blockquote>\n<table role=\"presentation\" cellspacing=\"0\" cellpadding=\"0\">\n<tbody>\n<tr>\n<td>\n<table role=\"presentation\" cellspacing=\"0\" cellpadding=\"0\">\n<tbody>\n<tr>\n<td>\n<h1>\u201cBranca, bonita e rica\u201d e a discuss\u00e3o que ningu\u00e9m quer ter<\/h1>\n<\/td>\n<\/tr>\n<\/tbody>\n<\/table>\n<\/td>\n<\/tr>\n<tr>\n<td>\n<table role=\"presentation\" cellspacing=\"0\" cellpadding=\"0\">\n<tbody>\n<tr>\n<td><img decoding=\"async\" class=\"CToWUd\" src=\"https:\/\/ci3.googleusercontent.com\/meips\/ADKq_NagiuDWZGd39-AdQSunIVM2q6Emkk55OWDZcJsReQLu8cTmhM9uI1Xv38LnShDh3sP3YP-HbxQJUXXfgSqSnMfO_X6s3iz2TsEt0zgb0gAZu4lHyuUjeS5vvrAOPTn2FdVoyrxBFy8i3cg=s0-d-e1-ft#https:\/\/conteudo.imguol.com.br\/e0\/2023\/05\/11\/simone-freire-1683808938524_150x150.jpg\" alt=\"http:\/\/conteudo.imguol.com.br\/e0\/2023\/05\/11\/simone-freire-1683808938524_150x150.jpg\" data-bit=\"iit\"\/><\/td>\n<td>Simone Freire<\/td>\n<\/tr>\n<\/tbody>\n<\/table>\n<\/td>\n<\/tr>\n<tr>\n<td>\n<table role=\"presentation\" cellspacing=\"0\" cellpadding=\"0\">\n<tbody>\n<tr>\n<td>\n<p style=\"text-align: justify;\">Racismo divide opini\u00f5es, \u00f3bvio. Mas nunca \u00e9 s\u00f3 sobre um xingamento desumanizando uma pessoa negra ou sobre impedir algu\u00e9m de trabalhar ou estar em um lugar por conta de sua cor ou ra\u00e7a. Nunca foi ou \u00e9 s\u00f3 por conta do que se v\u00ea em notici\u00e1rios.<\/p>\n<p style=\"text-align: justify;\">Evidenciar casos espantosos sempre foi uma estrat\u00e9gia para chamar a aten\u00e7\u00e3o \u00e0 quest\u00e3o racial no Brasil porque, sem o poder de chocar a popula\u00e7\u00e3o, sem o constrangimento p\u00fablico diante de casos gritantes, n\u00f3s n\u00e3o estar\u00edamos nem discutindo racismo agora e aqui. Estar\u00edamos ainda alimentando a no\u00e7\u00e3o da democracia racial &#8211; e que ainda est\u00e1 presente na nossa constru\u00e7\u00e3o cultural.<\/p>\n<p style=\"text-align: justify;\">Mas para avan\u00e7ar na discuss\u00e3o \u00e9 preciso ter coragem e bom senso para tamb\u00e9m discutir o racismo que quase ningu\u00e9m v\u00ea &#8211; ou que, na verdade, n\u00e3o se quer ver. Ao retrucar manifestantes em uma Casa legislativa dizendo que &#8220;uma mulher branca, bonita e rica incomoda muito&#8221;, a vereadora de S\u00e3o Paulo Cris Monteiro nos deu um presente ao possibilitar discutir sobre o racismo que \u00e9 sutil e camuflado.<\/p>\n<\/td>\n<\/tr>\n<\/tbody>\n<\/table>\n<\/td>\n<\/tr>\n<\/tbody>\n<\/table>\n<\/blockquote>\n<p style=\"text-align: justify;\">A quest\u00e3o aqui n\u00e3o \u00e9 mais de discrimina\u00e7\u00e3o racial, mas de inveja, pura e simples.<\/p>\n<p style=\"text-align: justify;\">Claramente a colunista est\u00e1 insinuando a &#8220;socializa\u00e7\u00e3o&#8221;, que nada mais \u00e9 que tirar de quem trabalha e produz para sustentar quem vive nas costa dos trabalhadores, como acontece nos famigerados e criminosos programas de distribui\u00e7\u00e3o de renda, que encabresta uma legi\u00e3o de eleitores que vive de &#8220;<a href=\"https:\/\/opatriota.org\/?p=86186\" target=\"_blank\">bolsa fam\u00edlia<\/a>&#8220;, e isso n\u00e3o tem nada a ver com racismo, mas com compet\u00eancia, intelig\u00eancia, capacidade, empreendedorismo.<\/p>\n<p style=\"text-align: justify;\">O homem mais rico de todos os tempos foi o&nbsp;<strong>negro<\/strong> <a href=\"https:\/\/youtu.be\/dLBI-iSw_zU\" target=\"_blank\" rel=\"noopener\">Mansa Musa<\/a>, que usava trabalho escravo negro em suas minas de ouro. Ali\u00e1s, a escravid\u00e3o humana \u00e9 um inven\u00e7\u00e3o africana, pois os negros escravizavam negros em suas lutas e guerras tribais e vendiam aos espanh\u00f3is, franceses e portugueses nas costas da \u00c1frica, conforme se pode ver neste v\u00eddeo <a href=\"https:\/\/opatriota.org\/?page_id=42796\" target=\"_blank\" rel=\"noopener\">aqui<\/a>.<\/p>\n<p align=\"justify\">H\u00e1 verdades que n\u00e3o t\u00eam como esconder. A \u00c1frica \u00e9 o continente mais antigo. A humanidade surgiu l\u00e1, bem como a civiliza\u00e7\u00e3o, mas at\u00e9 hoje \u00e9 o continente mais pobre e mais dividido. Por que ser\u00e1?<\/p>\n<p align=\"justify\">Por que aqueles realmente incomodados e que se acham ofendidos ou discriminados por serem negros n\u00e3o se mudam para a Lib\u00e9ria, um pa\u00eds que os Estados Unidos criaram e entregaram aos ex-escravos que foram libertados depois da Guerra de Secess\u00e3o norte-americana?<\/p>\n<p align=\"justify\">O racismo institucionalizado s\u00f3 interessa aos comunistas que, dividindo a sociedade e fomentando guerras fratricidas, conseguem implantar seu odioso, assassino e escravizante regime e se manter no poder, \u00e0 custa do suor e do sangue do povo.<\/p>\n<p align=\"justify\">Os negros brasileiros ainda pagar\u00e3o muito caro por \u201cembarcarem\u201d nesta conversinha mole para boi dormir de racismo estrutural, amargando, em um futuro pr\u00f3ximo, o desemprego, pois empresas s\u00e9rias n\u00e3o empregam quem defende qualquer tipo de bandeira e n\u00e3o empregar\u00e3o negros para evitar terem problemas jur\u00eddicos ou de imagem p\u00fablica caso tenham que demiti-los por qualquer motivo.<\/p>\n<p align=\"justify\">Pensem nisso, meus irm\u00e3os negros. Pele n\u00e3o pensa, \u00e9 o c\u00e9rebro que pensa e se querem realmente igualdade, vivam com igualdade e n\u00e3o ecoando mantras ideol\u00f3gicos que apenas os condenar\u00e3o \u00e0 mis\u00e9ria e ao infort\u00fanio.<\/p>\n<p style=\"text-align: center;\">[<a href=\"javascript:history.go(-1)\">Voltar<\/a>]<\/p>\n","protected":false},"excerpt":{"rendered":"<p>O col\u00f3quio fl\u00e1cido para acalentar bovinos do racismo j\u00e1 est\u00e1 enojando a sociedade que trabalha, paga impostos e n\u00e3o tolera mais sustentar vagabundos, parasitas, e enriquecer pol\u00edticos corruptos, magistrados corrompidos, pelegos sindicais e militares covardes e vendidos.<\/p>\n","protected":false},"author":1,"featured_media":0,"comment_status":"open","ping_status":"open","sticky":false,"template":"","format":"standard","meta":{"footnotes":""},"categories":[29],"tags":[],"class_list":["post-73861","post","type-post","status-publish","format-standard","hentry","category-politica"],"_links":{"self":[{"href":"https:\/\/antonini.psc.br\/index.php?rest_route=\/wp\/v2\/posts\/73861","targetHints":{"allow":["GET"]}}],"collection":[{"href":"https:\/\/antonini.psc.br\/index.php?rest_route=\/wp\/v2\/posts"}],"about":[{"href":"https:\/\/antonini.psc.br\/index.php?rest_route=\/wp\/v2\/types\/post"}],"author":[{"embeddable":true,"href":"https:\/\/antonini.psc.br\/index.php?rest_route=\/wp\/v2\/users\/1"}],"replies":[{"embeddable":true,"href":"https:\/\/antonini.psc.br\/index.php?rest_route=%2Fwp%2Fv2%2Fcomments&post=73861"}],"version-history":[{"count":5,"href":"https:\/\/antonini.psc.br\/index.php?rest_route=\/wp\/v2\/posts\/73861\/revisions"}],"predecessor-version":[{"id":73866,"href":"https:\/\/antonini.psc.br\/index.php?rest_route=\/wp\/v2\/posts\/73861\/revisions\/73866"}],"wp:attachment":[{"href":"https:\/\/antonini.psc.br\/index.php?rest_route=%2Fwp%2Fv2%2Fmedia&parent=73861"}],"wp:term":[{"taxonomy":"category","embeddable":true,"href":"https:\/\/antonini.psc.br\/index.php?rest_route=%2Fwp%2Fv2%2Fcategories&post=73861"},{"taxonomy":"post_tag","embeddable":true,"href":"https:\/\/antonini.psc.br\/index.php?rest_route=%2Fwp%2Fv2%2Ftags&post=73861"}],"curies":[{"name":"wp","href":"https:\/\/api.w.org\/{rel}","templated":true}]}}