{"id":73867,"date":"2025-05-04T14:17:40","date_gmt":"2025-05-04T14:17:40","guid":{"rendered":"https:\/\/antonini.com.br\/?p=73867"},"modified":"2025-05-04T16:14:49","modified_gmt":"2025-05-04T16:14:49","slug":"tiririca-e-o-mais-novo-imortal-da-academia-brasileira-de-letras","status":"publish","type":"post","link":"https:\/\/antonini.psc.br\/?p=73867","title":{"rendered":"Tiririca \u00e9 o mais novo imortal da Academia Brasileira de Letras"},"content":{"rendered":"<p style=\"text-align: justify;\">Embora seja uma ironia do colunista Paulo Polzonoff Jr., da Gazeta do Povo, reflete muito bem a decad\u00eancia que a esquerda infligiu \u00e0 outrora renomada e respeitada Academia Brasileira de Letras, que passou de guardi\u00e3 da l\u00edngua portuguesa a comit\u00ea lulupetista.<!--more--><\/p>\n<p style=\"text-align: justify;\">A Academia Brasileira de Letras merece todo o esc\u00e1rnio do povo brasileiro pelas escolhas de &#8220;imortais&#8221; quer tem feito, admitindo e laureado corruptos e analfabetos esquerdopatas que n\u00e3o valem o que evacuam, como por exemplo M\u00edriam Leit\u00e3o, a motorista e cadelinha do assassino sanguin\u00e1rio Marighella, o coron\u00e9 Z\u00e9 Sarney e muitos outros travestidos de escritores eruditos mas que n\u00e3o passam de not\u00f3rios analfabetos e corruptos, not\u00e1veis parasitas in\u00fateis e desprez\u00edveis do povo que trabalha, paga impostos n\u00e3o tolera mais sustentar vagabundos e enriquecer corruptos.<\/p>\n<p style=\"text-align: justify;\">Para coroar a mediocridade deste antro comunista, que tal eleger o molusco et\u00edlico, corrupto, vagabundo, analfabeto que crucificou Tiradentes luiz beba\u00e7o corrupto da silva, o min\u00fasculo, in\u00fatil e desprez\u00edvel, para a pr\u00f3xima vaga que abrir? Ele \u00e9 t\u00e3o curto e grosso, digo, culto e fino, quanto um troglodita da idade da pedra, dos tempos das cavernas. Leia <a href=\"https:\/\/www.gazetadopovo.com.br\/vozes\/polzonoff\/miriam-leitao-tiririca-academia-brasileira-de-letras\/\" target=\"_blank\" rel=\"noreferrer noopener\">aqui<\/a><\/p>\n<p style=\"text-align: center;\">[<a href=\"javascript:history.go(-1)\">Voltar<\/a>]<\/p>\n","protected":false},"excerpt":{"rendered":"<p>Embora seja uma ironia do colunista Paulo Polzonoff Jr., da Gazeta do Povo, reflete muito bem a decad\u00eancia que a esquerda infligiu \u00e0 outrora renomada e respeitada Academia Brasileira de Letras, que passou de guardi\u00e3 da l\u00edngua portuguesa a comit\u00ea &hellip; <a href=\"https:\/\/antonini.psc.br\/?p=73867\">Continue lendo <span class=\"meta-nav\">&rarr;<\/span><\/a><\/p>\n","protected":false},"author":1,"featured_media":0,"comment_status":"open","ping_status":"open","sticky":false,"template":"","format":"standard","meta":{"footnotes":""},"categories":[29],"tags":[],"class_list":["post-73867","post","type-post","status-publish","format-standard","hentry","category-politica"],"_links":{"self":[{"href":"https:\/\/antonini.psc.br\/index.php?rest_route=\/wp\/v2\/posts\/73867","targetHints":{"allow":["GET"]}}],"collection":[{"href":"https:\/\/antonini.psc.br\/index.php?rest_route=\/wp\/v2\/posts"}],"about":[{"href":"https:\/\/antonini.psc.br\/index.php?rest_route=\/wp\/v2\/types\/post"}],"author":[{"embeddable":true,"href":"https:\/\/antonini.psc.br\/index.php?rest_route=\/wp\/v2\/users\/1"}],"replies":[{"embeddable":true,"href":"https:\/\/antonini.psc.br\/index.php?rest_route=%2Fwp%2Fv2%2Fcomments&post=73867"}],"version-history":[{"count":6,"href":"https:\/\/antonini.psc.br\/index.php?rest_route=\/wp\/v2\/posts\/73867\/revisions"}],"predecessor-version":[{"id":73873,"href":"https:\/\/antonini.psc.br\/index.php?rest_route=\/wp\/v2\/posts\/73867\/revisions\/73873"}],"wp:attachment":[{"href":"https:\/\/antonini.psc.br\/index.php?rest_route=%2Fwp%2Fv2%2Fmedia&parent=73867"}],"wp:term":[{"taxonomy":"category","embeddable":true,"href":"https:\/\/antonini.psc.br\/index.php?rest_route=%2Fwp%2Fv2%2Fcategories&post=73867"},{"taxonomy":"post_tag","embeddable":true,"href":"https:\/\/antonini.psc.br\/index.php?rest_route=%2Fwp%2Fv2%2Ftags&post=73867"}],"curies":[{"name":"wp","href":"https:\/\/api.w.org\/{rel}","templated":true}]}}