{"id":73959,"date":"2025-05-15T14:50:35","date_gmt":"2025-05-15T14:50:35","guid":{"rendered":"https:\/\/antonini.com.br\/?p=73959"},"modified":"2025-05-16T13:13:14","modified_gmt":"2025-05-16T13:13:14","slug":"o-novo-alvo-dos-segregacionistas-tupiniquins","status":"publish","type":"post","link":"https:\/\/antonini.psc.br\/?p=73959","title":{"rendered":"O novo alvo dos segregacionistas tupiniquins"},"content":{"rendered":"<p style=\"text-align: justify;\">Uma mulher negra tupiniquim demonstrando seu n\u00edvel de intelig\u00eancia med\u00edocre e ignor\u00e2ncia profunda, afirma em um v\u00eddeo no YouTube que o Monte Everest \u00e9 racista porque negros n\u00e3o podem escal\u00e1-lo&#8230;<!--more--><\/p>\n<p style=\"text-align: justify;\">Tremenda mentira ou del\u00edrio paranoico da cidad\u00e3. No YouTube tem at\u00e9 um v\u00eddeo, cujo t\u00edtulo em portugu\u00eas \u00e9 &#8220;A Escalada&#8221;, que narra a epopeia de um franc\u00eas negro, imigrante africano, que escalou o Everest com um guia Sherpa, apenas para provar seu amor para uma garota. Vejam um &#8220;trailer&#8221; do v\u00eddeo <a href=\"https:\/\/www.youtube.com\/watch?v=go9zvQcq5Jo&amp;pp=ygUhZmlsbWUgYSBlc2NhbGFkYSBjb21wbGV0byBkdWJsYWRv\" target=\"_blank\" rel=\"noopener\">aqui<\/a>&nbsp; &nbsp;<\/p>\n<p style=\"text-align: justify;\">Racismo no Everest? Agora querem cota para escalar o Everest? Basta apenas a militante milotonta gastar cerca de U$150 mil d\u00f3lares, contratar uma empresa especializada e tentar subir aquela montanha extremamente mortal.<\/p>\n<p style=\"text-align: justify;\">A ideologia racista custar\u00e1 muito caro aos negros porque pele n\u00e3o pensa, \u00e9 o c\u00e9rebro que pensa e as empresas s\u00e9rias n\u00e3o contratam pessoas que acham que o c\u00e9rebro est\u00e1 espalhado por toda a pele e possam causar problemas caso precisem ser demitidas e evitar\u00e3o contratar negros.<\/p>\n<p style=\"text-align: justify;\">Fui estagi\u00e1rio no setor de recrutamento de pessoal do RH da antiga Brahma, hoje Ambev, l\u00e1 em 1986 e a ordem era n\u00e3o contratar gente que defendesse bandeiras, ideologias ou valorizasse qualquer tipo de distin\u00e7\u00e3o ou diferencia\u00e7\u00e3o entre pessoas, ou mesmo ideias segregacionistas.<\/p>\n<p style=\"text-align: justify;\">Quem n\u00e3o quer viver com igualdade, sem esta conversinha nojenta de racismo estrutural, que se mude para a Lib\u00e9ria, um pa\u00eds que os EUA criaram na \u00c1frica para que os escravos rec\u00e9m-libertados pela Guerra de Secess\u00e3o pudessem viver, caso n\u00e3o quisessem ficar nos EUA.<\/p>\n<p>Assistam ao v\u00eddeo com as ideias segregacionistas delirante-paranoicas dessa militonta que tem na cabe\u00e7a o que Napole\u00e3o Bonaparte tinha nos intestinos <a href=\"https:\/\/www.youtube.com\/watch?v=D5D4XuMODNc\" target=\"_blank\" rel=\"noopener\">aqui<\/a><\/p>\n<p align=\"justify\">Finalizando e deixando bem claro que n\u00e3o foram os brancos que escravizaram os negro, mas os negros que, em suas lutas tribais, escravizaram seus conterr\u00e2neos e os venderam nas costas africanas para os traficantes de escravos, conforme pode ser comprovado no v\u00eddeo abaixo, dito por um negro.<\/p>\n<p style=\"text-align: center;\"><video controls=\"controls\" width=\"560\" height=\"\"><source src=\"https:\/\/opatriota.org\/wp-content\/uploads\/2019\/09\/1700.mp4\" type=\"video\/mp4\" \/><\/video><\/p>\n<p style=\"text-align: center;\">[<a href=\"javascript:history.go(-1)\">Voltar<\/a>]<\/p>\n","protected":false},"excerpt":{"rendered":"<p>Uma mulher negra tupiniquim demonstrando seu n\u00edvel de intelig\u00eancia med\u00edocre e ignor\u00e2ncia profunda, afirma em um v\u00eddeo no YouTube que o Monte Everest \u00e9 racista porque negros n\u00e3o podem escal\u00e1-lo&#8230;<\/p>\n","protected":false},"author":1,"featured_media":0,"comment_status":"open","ping_status":"open","sticky":false,"template":"","format":"standard","meta":{"footnotes":""},"categories":[122],"tags":[],"class_list":["post-73959","post","type-post","status-publish","format-standard","hentry","category-saude-mental"],"_links":{"self":[{"href":"https:\/\/antonini.psc.br\/index.php?rest_route=\/wp\/v2\/posts\/73959","targetHints":{"allow":["GET"]}}],"collection":[{"href":"https:\/\/antonini.psc.br\/index.php?rest_route=\/wp\/v2\/posts"}],"about":[{"href":"https:\/\/antonini.psc.br\/index.php?rest_route=\/wp\/v2\/types\/post"}],"author":[{"embeddable":true,"href":"https:\/\/antonini.psc.br\/index.php?rest_route=\/wp\/v2\/users\/1"}],"replies":[{"embeddable":true,"href":"https:\/\/antonini.psc.br\/index.php?rest_route=%2Fwp%2Fv2%2Fcomments&post=73959"}],"version-history":[{"count":10,"href":"https:\/\/antonini.psc.br\/index.php?rest_route=\/wp\/v2\/posts\/73959\/revisions"}],"predecessor-version":[{"id":73970,"href":"https:\/\/antonini.psc.br\/index.php?rest_route=\/wp\/v2\/posts\/73959\/revisions\/73970"}],"wp:attachment":[{"href":"https:\/\/antonini.psc.br\/index.php?rest_route=%2Fwp%2Fv2%2Fmedia&parent=73959"}],"wp:term":[{"taxonomy":"category","embeddable":true,"href":"https:\/\/antonini.psc.br\/index.php?rest_route=%2Fwp%2Fv2%2Fcategories&post=73959"},{"taxonomy":"post_tag","embeddable":true,"href":"https:\/\/antonini.psc.br\/index.php?rest_route=%2Fwp%2Fv2%2Ftags&post=73959"}],"curies":[{"name":"wp","href":"https:\/\/api.w.org\/{rel}","templated":true}]}}