{"id":73971,"date":"2025-05-16T13:12:32","date_gmt":"2025-05-16T13:12:32","guid":{"rendered":"https:\/\/antonini.com.br\/?p=73971"},"modified":"2025-06-27T04:11:54","modified_gmt":"2025-06-27T04:11:54","slug":"temer-fez-armadilha-pra-bolsonaro-e-prepara-candidatura-propria-2026","status":"publish","type":"post","link":"https:\/\/antonini.psc.br\/?p=73971","title":{"rendered":"Michel Temer est\u00e1 alucinando ou articulando outro golpe de Estado?"},"content":{"rendered":"<p style=\"text-align: justify;\">Se o perjuro de avental Michel Temer pensa que ser\u00e1 eleito ou conseguir\u00e1 eleger seus corruptos de estima\u00e7\u00e3o em 2026, que tire o seu jumento da chuva<!--more-->, pois ele est\u00e1 intimamente associado ao PT, \u00e0 Dilmanta Mandiocasseff, \u00e0 Mui\u00e9 sapiens, ao luladr\u00e3o, a Alexandre de Moraes, reencarna\u00e7\u00e3o fajuta tupiniquim de Dom Quixote de La Mancha, e ao que h\u00e1 de mais sujo, corrupto, nojento e criminoso nesta sucursal do inferno na terra.<\/p>\n<p align=\"justify\">Pelo jeito ele planeja outro golpe cucaracha para perpetuar a corrup\u00e7\u00e3o, a roubalheira e o imp\u00e9rio da criminalidade.<\/p>\n<p style=\"text-align: justify;\">N\u00e3o duvido nem um pouco que Bolsonaro esteja envolvido na latrina pol\u00edtica de Michel Temer, pois n\u00e3o cumpriu a Constitui\u00e7\u00e3o Federal esmagando o golpe togado cucaracha lulopetistE ao n\u00e3o invocar o disposto no art. 142, baixando uma GLO (Garantia da Lei e da Ordem), destitu\u00edndo e trancafiando a banda podre da suprema casa de horrores e toler\u00e2ncia jur\u00eddica tupiniquim em isolamento de pres\u00eddio de seguran\u00e7a m\u00e1xima, desinfetando e saneando a corte e recolocando-a em seu insignificante lugar, cumprindo seu inexpressivo papel constituional.<\/p>\n<p style=\"text-align: center;\"><iframe loading=\"lazy\" src=\"\/\/www.youtube.com\/embed\/7cPcmLpmwvM\" allowfullscreen=\"allowfullscreen\" width=\"560\" height=\"314\"><\/iframe><\/p>\n<p style=\"text-align: center;\">[<a href=\"javascript:history.go(-1)\">Voltar<\/a>]<\/p>\n","protected":false},"excerpt":{"rendered":"<p>Se o perjuro de avental Michel Temer pensa que ser\u00e1 eleito ou conseguir\u00e1 eleger seus corruptos de estima\u00e7\u00e3o em 2026, que tire o seu jumento da chuva<\/p>\n","protected":false},"author":1,"featured_media":0,"comment_status":"open","ping_status":"open","sticky":false,"template":"","format":"standard","meta":{"footnotes":""},"categories":[29],"tags":[],"class_list":["post-73971","post","type-post","status-publish","format-standard","hentry","category-politica"],"_links":{"self":[{"href":"https:\/\/antonini.psc.br\/index.php?rest_route=\/wp\/v2\/posts\/73971","targetHints":{"allow":["GET"]}}],"collection":[{"href":"https:\/\/antonini.psc.br\/index.php?rest_route=\/wp\/v2\/posts"}],"about":[{"href":"https:\/\/antonini.psc.br\/index.php?rest_route=\/wp\/v2\/types\/post"}],"author":[{"embeddable":true,"href":"https:\/\/antonini.psc.br\/index.php?rest_route=\/wp\/v2\/users\/1"}],"replies":[{"embeddable":true,"href":"https:\/\/antonini.psc.br\/index.php?rest_route=%2Fwp%2Fv2%2Fcomments&post=73971"}],"version-history":[{"count":11,"href":"https:\/\/antonini.psc.br\/index.php?rest_route=\/wp\/v2\/posts\/73971\/revisions"}],"predecessor-version":[{"id":73982,"href":"https:\/\/antonini.psc.br\/index.php?rest_route=\/wp\/v2\/posts\/73971\/revisions\/73982"}],"wp:attachment":[{"href":"https:\/\/antonini.psc.br\/index.php?rest_route=%2Fwp%2Fv2%2Fmedia&parent=73971"}],"wp:term":[{"taxonomy":"category","embeddable":true,"href":"https:\/\/antonini.psc.br\/index.php?rest_route=%2Fwp%2Fv2%2Fcategories&post=73971"},{"taxonomy":"post_tag","embeddable":true,"href":"https:\/\/antonini.psc.br\/index.php?rest_route=%2Fwp%2Fv2%2Ftags&post=73971"}],"curies":[{"name":"wp","href":"https:\/\/api.w.org\/{rel}","templated":true}]}}