{"id":7400,"date":"2009-10-30T04:11:07","date_gmt":"2009-10-30T07:11:07","guid":{"rendered":"http:\/\/antonini.med.br\/blog\/?p=7400"},"modified":"2022-02-15T03:27:36","modified_gmt":"2022-02-15T03:27:36","slug":"menina-de-9-anos-estuprada-interrompe-gravidez-de-gemeos-em-recife-pe","status":"publish","type":"post","link":"https:\/\/antonini.psc.br\/?p=7400","title":{"rendered":"Menina de 9 anos estuprada interrompe gravidez de g\u00eameos em Recife (PE)"},"content":{"rendered":"<p style=\"text-align: justify;\">A menina de nove anos de Alagoinha (a 230 km de Recife), que estava gr\u00e1vida de g\u00eameos, realizou o aborto na manh\u00e3 desta quarta-feira. De acordo com o hospital que realizou o procedimento, o estado de sa\u00fade dela \u00e9 bom. H\u00e1 suspeita que o padrasto tenha engravidado a garota.<!--more--><\/p>\n<p style=\"text-align: justify;\">A gravidez foi interrompida por volta das 10h. De acordo com F\u00e1tima Maia, diretora do CISAM (Centro Integrado de Sa\u00fade Amaury de Medeiros), ligado \u00e0 Universidade de Pernambuco, a menina vai passar \u00e0s 16h desta quarta por uma curetagem &#8211;procedimento cir\u00fargico para remover os restos fetais depois de um aborto provocado.<\/p>\n<p style=\"text-align: justify;\">Para os casos previstos expressamente na legisla\u00e7\u00e3o, como o estupro e o risco de morte para m\u00e3e &#8211;que se aplicam a esse caso, segundo Maia&#8211;, n\u00e3o \u00e9 preciso autoriza\u00e7\u00e3o da Justi\u00e7a nem boletim de ocorr\u00eancia.<\/p>\n<p style=\"text-align: justify;\">Por volta das 14h30, ela descansava na sala de recupera\u00e7\u00e3o p\u00f3s-anest\u00e9sica. O hospital n\u00e3o registrou nenhuma complica\u00e7\u00e3o durante o aborto. Ela estava internada desde a \u00faltima quinta-feira no Imip (Instituto Materno Infantil de Pernambuco).<\/p>\n<p style=\"text-align: justify;\"><strong>Estupro<\/strong><\/p>\n<p style=\"text-align: justify;\">O padrasto da garota, um rapaz de 23 anos, foi preso na \u00faltima quinta, no munic\u00edpio de Alagoinha, suspeito do estupro. O suspeito mantinha rela\u00e7\u00f5es sexuais com a garota h\u00e1 cerca de tr\u00eas anos.<\/p>\n<p style=\"text-align: justify;\">O rapaz confessou o crime e, em depoimento, admitiu tamb\u00e9m ter estuprado sua outra enteada, de 14 anos de idade, portadora de defici\u00eancias f\u00edsica e mental, afirma a pol\u00edcia. A Pol\u00edcia Civil n\u00e3o revelou o nome do suspeito para que a identidade da crian\u00e7a seja preservada.<\/p>\n<p style=\"text-align: justify;\">Em depoimento, o padrasto confirmou que come\u00e7ou a assediar as duas meninas desde que passou a morar com a fam\u00edlia, h\u00e1 tr\u00eas anos. Segundo ele, as enteadas o provocavam.<\/p>\n<p style=\"text-align: justify;\">O crime veio \u00e0 tona no \u00faltimo dia 25, ap\u00f3s um exame m\u00e9dico a que a garota foi submetida no munic\u00edpio de Pesqueira. Ela foi atendida ap\u00f3s relatar queixas de tonturas e enjoos.<\/p>\n<p style=\"text-align: justify;\">Durante o exame cl\u00ednico foi constatado que ela estava gr\u00e1vida de g\u00eameos. A gravidez da garota j\u00e1 somava 16 semanas, segundo informa\u00e7\u00f5es colhidas pelo Conselho Tutelar junto ao hospital onde a garota foi atendida. &#8220;A v\u00edtima disse que ele j\u00e1 vem mantendo rela\u00e7\u00e3o com ela desde os seis anos&#8221;, afirmou o conselheiro Cl\u00e1udio Roberto, do Conselho Tutelar de Alagoinha.<\/p>\n<p style=\"text-align: justify;\"><strong>&#8220;Barb\u00e1rie&#8221;<\/strong><\/p>\n<p style=\"text-align: justify;\">O secret\u00e1rio estadual de Desenvolvimento Social e Direitos Humanos de Pernambuco, Rold\u00e3o Joaquim, caracterizou o estupro e a gravidez da menina como uma <a href=\"http:\/\/www1.folha.uol.com.br\/folha\/cotidiano\/ult95u510398.shtml\">&#8220;selvageria&#8221;<\/a> que precisa ser punida.<\/p>\n<p style=\"text-align: justify;\">Em entrevista \u00e0 <strong>Folha Online<\/strong>, o secret\u00e1rio afirmou n\u00e3o ter conhecimento detalhado sobre o caso, j\u00e1 que seguia em dire\u00e7\u00e3o a S\u00e3o Joaquim do Monte (PE) &#8211;munic\u00edpio onde sem terras foram presos suspeitos de matar quatro seguran\u00e7as de uma fazenda&#8211;, mas se disse perplexo com o caso.<\/p>\n<p style=\"text-align: justify;\">&#8220;Eu n\u00e3o imaginava que algu\u00e9m fosse poss\u00edvel de cometer algo como isso. Por isso, n\u00f3s vamos redobrar os esfor\u00e7os para que o suspeito continue preso e pague pela selvageria&#8221;, disse Joaquim.<\/p>\n<p style=\"text-align: justify;\">Rodrigo Pellegrino, secret\u00e1rio-executivo de Justi\u00e7a e Direitos Humanos da pasta, disse que o papel da secretaria \u00e9 prestar seguran\u00e7a \u00e0 fam\u00edlia caso ela venha a sofrer algum tipo de amea\u00e7a.<\/p>\n<p style=\"text-align: justify;\">&#8220;A pedofilia deve ser combatida de forma contundente e estruturalmente, mas nesse caso, especificamente, tem uma natureza mais cruel. Isso se trata de uma situa\u00e7\u00e3o de barb\u00e1rie, de bestialidade. O caso choca o povo de Pernambuco&#8221;, disse Pellegrino.<\/p>\n<p style=\"text-align: justify;\">Para a advogada Gabriela Amazonas, do Centro Dom Helder Camara, ONG que trabalha principalmente com o processo de responsabiliza\u00e7\u00e3o do agressor e acompanhamento da v\u00edtima, a possibilidade do aborto legal deve ser considerada pela fam\u00edlia<\/p>\n<p style=\"text-align: justify;\">&#8220;\u00c9 um caso grav\u00edssimo, mas n\u00e3o \u00e9 a primeira vez. No centro temos um caso bastante parecido com uma crian\u00e7a de dez anos. Com ela n\u00e3o foi poss\u00edvel fazer o aborto, mas eu acredito que nesse caso os m\u00e9dicos que a atendem devem trabalhar com essa possibilidade&#8221;, disse.<\/p>\n<p style=\"text-align: justify;\">Segundo ela, o tipo de caso mais comum de abuso infantil em Pernambuco ocorre no \u00e2mbito familiar.<\/p>\n<p style=\"text-align: justify;\">&#8220;Quando ouvimos um adolescente relatando o abuso, descobrimos que isso ocorria desde que ele era pequeno&#8221;, afirma Amazonas.<\/p>\n<p style=\"text-align: justify;\">Para ela, \u00e9 preciso que a pol\u00edcia investigue tamb\u00e9m a coniv\u00eancia da fam\u00edlia com o abuso, comum nesse tipo de caso.<\/p>\n<p style=\"text-align: justify;\"><strong>Revolta<\/strong><\/p>\n<p style=\"text-align: justify;\">O caso provocou revolta e tens\u00e3o nos cerca de 14 mil moradores do pequeno munic\u00edpio encravado no agreste de Pernambuco. &#8220;Eu acho uma coisa absurda. A cidade est\u00e1 chocada. Isso \u00e9 muito triste&#8221;, disse a balconista de farm\u00e1cia Terezinha Oliveira, 60.<\/p>\n<p style=\"text-align: justify;\">&#8220;\u00c9 o padrasto dela! Isso \u00e9 um absurdo. O coment\u00e1rio das ruas s\u00f3 \u00e9 esse. O povo tentou at\u00e9 pegar ele para linch\u00e1-lo mesmo, a\u00ed a pol\u00edcia teve que tirar ele de perto do povo&#8221;, disse a dona da casa Salete de Almeida, 44, que mora a poucos metros da casa onde a v\u00edtima mora.<\/p>\n<p style=\"text-align: justify;\">O caso \u00e9 investigado pela Pol\u00edcia Civil do munic\u00edpio, mas \u00e9 poss\u00edvel que ele fique detido no munic\u00edpio vizinho por quest\u00f5es de seguran\u00e7a.<\/p>\n<p style=\"text-align: center;\">[<a href=\"javascript:history.go(-1)\">Voltar<\/a>]<\/p>\n","protected":false},"excerpt":{"rendered":"<p>A menina de nove anos de Alagoinha (a 230 km de Recife), que estava gr\u00e1vida de g\u00eameos, realizou o aborto na manh\u00e3 desta quarta-feira. De acordo com o hospital que realizou o procedimento, o estado de sa\u00fade dela \u00e9 bom. H\u00e1 suspeita que o padrasto tenha engravidado a garota.<\/p>\n","protected":false},"author":1,"featured_media":0,"comment_status":"open","ping_status":"open","sticky":false,"template":"","format":"standard","meta":{"footnotes":""},"categories":[27],"tags":[],"class_list":["post-7400","post","type-post","status-publish","format-standard","hentry","category-noticias"],"_links":{"self":[{"href":"https:\/\/antonini.psc.br\/index.php?rest_route=\/wp\/v2\/posts\/7400","targetHints":{"allow":["GET"]}}],"collection":[{"href":"https:\/\/antonini.psc.br\/index.php?rest_route=\/wp\/v2\/posts"}],"about":[{"href":"https:\/\/antonini.psc.br\/index.php?rest_route=\/wp\/v2\/types\/post"}],"author":[{"embeddable":true,"href":"https:\/\/antonini.psc.br\/index.php?rest_route=\/wp\/v2\/users\/1"}],"replies":[{"embeddable":true,"href":"https:\/\/antonini.psc.br\/index.php?rest_route=%2Fwp%2Fv2%2Fcomments&post=7400"}],"version-history":[{"count":1,"href":"https:\/\/antonini.psc.br\/index.php?rest_route=\/wp\/v2\/posts\/7400\/revisions"}],"predecessor-version":[{"id":27933,"href":"https:\/\/antonini.psc.br\/index.php?rest_route=\/wp\/v2\/posts\/7400\/revisions\/27933"}],"wp:attachment":[{"href":"https:\/\/antonini.psc.br\/index.php?rest_route=%2Fwp%2Fv2%2Fmedia&parent=7400"}],"wp:term":[{"taxonomy":"category","embeddable":true,"href":"https:\/\/antonini.psc.br\/index.php?rest_route=%2Fwp%2Fv2%2Fcategories&post=7400"},{"taxonomy":"post_tag","embeddable":true,"href":"https:\/\/antonini.psc.br\/index.php?rest_route=%2Fwp%2Fv2%2Ftags&post=7400"}],"curies":[{"name":"wp","href":"https:\/\/api.w.org\/{rel}","templated":true}]}}