{"id":74108,"date":"2025-06-12T17:42:48","date_gmt":"2025-06-12T17:42:48","guid":{"rendered":"https:\/\/antonini.com.br\/?p=74108"},"modified":"2025-07-25T05:10:31","modified_gmt":"2025-07-25T05:10:31","slug":"medicos-a-servico-da-industria-farmaceutica","status":"publish","type":"post","link":"https:\/\/antonini.psc.br\/?p=74108","title":{"rendered":"M\u00e9dicos a servi\u00e7o da ind\u00fastria farmac\u00eautica"},"content":{"rendered":"<p style=\"text-align: justify;\" align=\"justify\">O setor industrial mais mercen\u00e1rio de todos \u00e9 a ind\u00fastria farmac\u00eautica.<!--more--><\/p>\n<blockquote>\n<p style=\"text-align: justify;\">Dr. Alfredo Salim, m\u00e9dico: press\u00e3o 12 por 8 agora \u00e9 alta? Entenda as novas regras \u2013 Correio Braziliense \u2013 Radar<\/p>\n<\/blockquote>\n<p style=\"text-align: justify;\">O objetivo expl\u00edcito dessa nova regra de press\u00e3o (tens\u00e3o) arterial \u00e9 causar p\u00e2nico e obrigar as pessoas a consultarem cardiologistas e a comprarem os novos f\u00e1rmacos que a inescrupulosa ind\u00fastria farmac\u00eautica pretende lan\u00e7ar para encher seus bolsos.<\/p>\n<p style=\"text-align: justify;\">N\u00e3o existe uma tens\u00e3o arterial ideal padronizada para todos os indiv\u00edduos. A tens\u00e3o, ou press\u00e3o arterial, varia de acordo com a idade (quanto mais idoso, maior a press\u00e3o), o peso, a dieta alimentar, a altitude (quanto mais elevado o local em que a pessoa vive, mais alta ser\u00e1 a press\u00e3o arterial), e a temperatura (sobe em lugares frios e baixa em lugares quentes).<\/p>\n<p style=\"text-align: justify;\" align=\"justify\">A tens\u00e3o ou press\u00e3o arterial \u00e9 um mecanismo compensat\u00f3rio que varia justamente para adaptar o organismo a vari\u00e1veis como dieta alimentar, envelhecimento e tamb\u00e9m \u00e0s varia\u00e7\u00f5es de clima e altitude.<\/p>\n<p style=\"text-align: justify;\" align=\"justify\">A ind\u00fastria farmac\u00eautica paga propinas a m\u00e9dicos para prescreverem qualquer f\u00e1rmaco novo que lan\u00e7a, independentemente de ele ser eficaz e seguro, e menos ainda de haver alternativa j\u00e1 consagrada no mercado, mais efetiva, segura e barata, sendo exatamente este o motivo dos m\u00e9dicos demonizarem a prescri\u00e7\u00e3o farmac\u00eautica, que acabar\u00e1 com os presentinhos pagos pelos fabricantes.<\/p>\n<p align=\"justify\">A desculpa da seguran\u00e7a do paciente \u00e9 um col\u00f3quio fl\u00e1cido para acalentar bovinos (conversinha mole para boi dormir), pois os farmac\u00eauticos s\u00e3o os profissionais do f\u00e1rmaco, s\u00e3o eles que fabricam o que os m\u00e9dicos apenas prescrevem e, por conseguinte, entendem muito mais de farmacologia e farmacoterapia que os m\u00e9dicos. Sem a farm\u00e1cia e os farmac\u00eauticos n\u00e3o existe medicina e nem os m\u00e9dicos.<\/p>\n<p align=\"justify\">A ind\u00fastria farmac\u00eautica tamb\u00e9m \u00e9 visceralmente contr\u00e1ria \u00e0 prescri\u00e7\u00e3o farmac\u00eautica porque farmac\u00eauticos est\u00e3o em contato di\u00e1rio com os pacientes, conhecem a rotina, os h\u00e1bitos e as &#8220;manias&#8221; de cada um deles e, conhecendo todas as vari\u00e1veis que os envolvem, prescrever\u00e3o um anti-hipertensivo apenas se for necess\u00e1rio e com base na din\u00e2mica do paciente que ele conhece melhor que o m\u00e9dico que s\u00f3 v\u00ea o paciente em consultas, n\u00e3o acompanhando o dia a dia dele.<\/p>\n<p style=\"text-align: justify;\" align=\"justify\">Durante o &#8220;pandem\u00f4nio&#8221; do v\u00edrus requentado pela China, as ind\u00fastrias farmac\u00eauticas corromperam governos, instando-os a autorizar a aplica\u00e7\u00e3o de vacinas produzidas com uma tecnologia farmac\u00eautica que n\u00e3o tinha sido submetida a ensaios de farmacogen\u00e9tica e de farmacotoxicidade, e cujos efeitos est\u00e3o aparecendo agora.<\/p>\n<p style=\"text-align: justify;\" align=\"justify\">O aumento na incid\u00eancia de autismo e tamb\u00e9m de mortes s\u00fabitas de jovens por paradas cardiovasculares e infartos agudos pode estar relacionado aos efeitos t\u00f3xicos a longo prazo delas. Leia <a href=\"https:\/\/www.correiobraziliense.com.br\/cbradar\/dr-alfredo-salim-medico-pressao-12-por-8-agora-e-alta-entenda-as-novas-regras\/\" target=\"_blank\" rel=\"noreferrer noopener\">aqui<\/a><\/p>\n<p align=\"justify\"><strong>Leia mais:<\/strong><\/p>\n<ul>\n<li><a href=\"https:\/\/antonini.com.br\/?p=72774\">A insana demoniza\u00e7\u00e3o do s\u00f3dio<\/a><\/li>\n<li><a href=\"https:\/\/antonini.com.br\/?p=73639\">A malandragem da ind\u00fastria farmac\u00eautica<\/a><\/li>\n<\/ul>\n<p style=\"text-align: center;\">[<a href=\"javascript:history.go(-1)\">Voltar<\/a>]<\/p>\n","protected":false},"excerpt":{"rendered":"<p>O setor industrial mais mercen\u00e1rio de todos \u00e9 a ind\u00fastria farmac\u00eautica.<\/p>\n","protected":false},"author":1,"featured_media":0,"comment_status":"open","ping_status":"open","sticky":false,"template":"","format":"standard","meta":{"footnotes":""},"categories":[124],"tags":[],"class_list":["post-74108","post","type-post","status-publish","format-standard","hentry","category-saude"],"_links":{"self":[{"href":"https:\/\/antonini.psc.br\/index.php?rest_route=\/wp\/v2\/posts\/74108","targetHints":{"allow":["GET"]}}],"collection":[{"href":"https:\/\/antonini.psc.br\/index.php?rest_route=\/wp\/v2\/posts"}],"about":[{"href":"https:\/\/antonini.psc.br\/index.php?rest_route=\/wp\/v2\/types\/post"}],"author":[{"embeddable":true,"href":"https:\/\/antonini.psc.br\/index.php?rest_route=\/wp\/v2\/users\/1"}],"replies":[{"embeddable":true,"href":"https:\/\/antonini.psc.br\/index.php?rest_route=%2Fwp%2Fv2%2Fcomments&post=74108"}],"version-history":[{"count":10,"href":"https:\/\/antonini.psc.br\/index.php?rest_route=\/wp\/v2\/posts\/74108\/revisions"}],"predecessor-version":[{"id":74378,"href":"https:\/\/antonini.psc.br\/index.php?rest_route=\/wp\/v2\/posts\/74108\/revisions\/74378"}],"wp:attachment":[{"href":"https:\/\/antonini.psc.br\/index.php?rest_route=%2Fwp%2Fv2%2Fmedia&parent=74108"}],"wp:term":[{"taxonomy":"category","embeddable":true,"href":"https:\/\/antonini.psc.br\/index.php?rest_route=%2Fwp%2Fv2%2Fcategories&post=74108"},{"taxonomy":"post_tag","embeddable":true,"href":"https:\/\/antonini.psc.br\/index.php?rest_route=%2Fwp%2Fv2%2Ftags&post=74108"}],"curies":[{"name":"wp","href":"https:\/\/api.w.org\/{rel}","templated":true}]}}