{"id":74161,"date":"2025-06-23T20:41:33","date_gmt":"2025-06-23T20:41:33","guid":{"rendered":"https:\/\/antonini.com.br\/?p=74161"},"modified":"2025-06-27T04:11:54","modified_gmt":"2025-06-27T04:11:54","slug":"o-min-gilmar-mendes-perdeu-uma-grande-chance-de-ficar-de-bico-fechado-e-um-vexame","status":"publish","type":"post","link":"https:\/\/antonini.psc.br\/?p=74161","title":{"rendered":"O Min. Gilmar Mendes perdeu uma grande chance de ficar de bico fechado e economizar um vexame"},"content":{"rendered":"<blockquote class=\"twitter-tweet\">\n<p lang=\"pt\" dir=\"ltr\">Ap\u00f3s destruir a Opera\u00e7\u00e3o Lava Jato, cancelando todas as provas, confiss\u00f5es e acordos de dela\u00e7\u00e3o premiada, o batr\u00e1quio vem dizer que defende o legado da Lava Jato&#8230; Qual legado? O da for\u00e7a-tarefa de Curitiba, que colocou seus patr\u00f5es na cadeia, ou o da sua apologia \u00e0 impunidade?<\/p>\n<p>&mdash; Vladimir Antonini (@476f9b6094b5472) <a href=\"https:\/\/twitter.com\/476f9b6094b5472\/status\/1937248856724398444?ref_src=twsrc%5Etfw\">June 23, 2025<\/a><\/p><\/blockquote>\n<p> <script async src=\"https:\/\/platform.twitter.com\/widgets.js\" charset=\"utf-8\"><\/script><\/p>\n<p style=\"text-align: center;\">[<a href=\"javascript:history.go(-1)\">Voltar<\/a>]<\/p>\n","protected":false},"excerpt":{"rendered":"<p>Ap\u00f3s destruir a Opera\u00e7\u00e3o Lava Jato, cancelando todas as provas, confiss\u00f5es e acordos de dela\u00e7\u00e3o premiada, o batr\u00e1quio vem dizer que defende o legado da Lava Jato&#8230; Qual legado? O da for\u00e7a-tarefa de Curitiba, que colocou seus patr\u00f5es na cadeia, &hellip; <a href=\"https:\/\/antonini.psc.br\/?p=74161\">Continue lendo <span class=\"meta-nav\">&rarr;<\/span><\/a><\/p>\n","protected":false},"author":1,"featured_media":0,"comment_status":"open","ping_status":"open","sticky":false,"template":"","format":"standard","meta":{"footnotes":""},"categories":[29],"tags":[],"class_list":["post-74161","post","type-post","status-publish","format-standard","hentry","category-politica"],"_links":{"self":[{"href":"https:\/\/antonini.psc.br\/index.php?rest_route=\/wp\/v2\/posts\/74161","targetHints":{"allow":["GET"]}}],"collection":[{"href":"https:\/\/antonini.psc.br\/index.php?rest_route=\/wp\/v2\/posts"}],"about":[{"href":"https:\/\/antonini.psc.br\/index.php?rest_route=\/wp\/v2\/types\/post"}],"author":[{"embeddable":true,"href":"https:\/\/antonini.psc.br\/index.php?rest_route=\/wp\/v2\/users\/1"}],"replies":[{"embeddable":true,"href":"https:\/\/antonini.psc.br\/index.php?rest_route=%2Fwp%2Fv2%2Fcomments&post=74161"}],"version-history":[{"count":3,"href":"https:\/\/antonini.psc.br\/index.php?rest_route=\/wp\/v2\/posts\/74161\/revisions"}],"predecessor-version":[{"id":74164,"href":"https:\/\/antonini.psc.br\/index.php?rest_route=\/wp\/v2\/posts\/74161\/revisions\/74164"}],"wp:attachment":[{"href":"https:\/\/antonini.psc.br\/index.php?rest_route=%2Fwp%2Fv2%2Fmedia&parent=74161"}],"wp:term":[{"taxonomy":"category","embeddable":true,"href":"https:\/\/antonini.psc.br\/index.php?rest_route=%2Fwp%2Fv2%2Fcategories&post=74161"},{"taxonomy":"post_tag","embeddable":true,"href":"https:\/\/antonini.psc.br\/index.php?rest_route=%2Fwp%2Fv2%2Ftags&post=74161"}],"curies":[{"name":"wp","href":"https:\/\/api.w.org\/{rel}","templated":true}]}}