{"id":74223,"date":"2025-06-29T12:09:28","date_gmt":"2025-06-29T12:09:28","guid":{"rendered":"https:\/\/antonini.com.br\/?p=74223"},"modified":"2025-06-29T13:41:26","modified_gmt":"2025-06-29T13:41:26","slug":"a-ministra-carmen-lucia-esqueceu-de-um-detalhe-ao-falar-em-213-milhoes-de-tiranetes","status":"publish","type":"post","link":"https:\/\/antonini.psc.br\/?p=74223","title":{"rendered":"A ministra Carmen Lucia esqueceu de um detalhe ao falar em &#8220;213 milh\u00f5es de tiranetes&#8221;&#8230;"},"content":{"rendered":"<p style=\"text-align: justify;\">A not\u00f3ria analfabeta jur\u00eddica esqueceu-se que a maioria dos 213 milh\u00f5es brasileiros que ela ofendeu chamando-os de tiranetes, que trabalham, pagam impostos e sustentam seus sal\u00e1rios fara\u00f4nicos e mordomias nojentas perdendo uma grande chance de ficar de bico fechado.<!--more--><\/p>\n<p style=\"text-align: justify;\">Dos 213 milh\u00f5es citados pela ministra, devem ser descontados os parasitas de programas sociais, os cotistas que conseguem tudo sem m\u00e9rito algum, os ide\u00f3logos de g\u00eanero e milicianos de todo tipo, juntamente com os corruptos que integram e sustentam o desgoverno lulopetistE, que chegam a cerca de 30 milh\u00f5es e que apoiam todas as sandices da suprema tirania fedorenta.<\/p>\n<p style=\"text-align: justify;\">Esta mulherzinha f\u00fatil e in\u00fatil devia estar rastejando nas sarjetas.<\/p>\n<p style=\"text-align: center;\"><iframe loading=\"lazy\" src=\"\/\/www.youtube.com\/embed\/lbXTwSCpyoU\" width=\"560\" height=\"314\" allowfullscreen=\"allowfullscreen\"><\/iframe><\/p>\n<p style=\"text-align: center;\">[<a href=\"javascript:history.go(-1)\">Voltar<\/a>]<\/p>\n","protected":false},"excerpt":{"rendered":"<p>A not\u00f3ria analfabeta jur\u00eddica esqueceu-se que a maioria dos 213 milh\u00f5es brasileiros que ela ofendeu chamando-os de tiranetes, que trabalham, pagam impostos e sustentam seus sal\u00e1rios fara\u00f4nicos e mordomias nojentas perdendo uma grande chance de ficar de bico fechado.<\/p>\n","protected":false},"author":1,"featured_media":0,"comment_status":"open","ping_status":"open","sticky":false,"template":"","format":"standard","meta":{"footnotes":""},"categories":[29],"tags":[],"class_list":["post-74223","post","type-post","status-publish","format-standard","hentry","category-politica"],"_links":{"self":[{"href":"https:\/\/antonini.psc.br\/index.php?rest_route=\/wp\/v2\/posts\/74223","targetHints":{"allow":["GET"]}}],"collection":[{"href":"https:\/\/antonini.psc.br\/index.php?rest_route=\/wp\/v2\/posts"}],"about":[{"href":"https:\/\/antonini.psc.br\/index.php?rest_route=\/wp\/v2\/types\/post"}],"author":[{"embeddable":true,"href":"https:\/\/antonini.psc.br\/index.php?rest_route=\/wp\/v2\/users\/1"}],"replies":[{"embeddable":true,"href":"https:\/\/antonini.psc.br\/index.php?rest_route=%2Fwp%2Fv2%2Fcomments&post=74223"}],"version-history":[{"count":8,"href":"https:\/\/antonini.psc.br\/index.php?rest_route=\/wp\/v2\/posts\/74223\/revisions"}],"predecessor-version":[{"id":74232,"href":"https:\/\/antonini.psc.br\/index.php?rest_route=\/wp\/v2\/posts\/74223\/revisions\/74232"}],"wp:attachment":[{"href":"https:\/\/antonini.psc.br\/index.php?rest_route=%2Fwp%2Fv2%2Fmedia&parent=74223"}],"wp:term":[{"taxonomy":"category","embeddable":true,"href":"https:\/\/antonini.psc.br\/index.php?rest_route=%2Fwp%2Fv2%2Fcategories&post=74223"},{"taxonomy":"post_tag","embeddable":true,"href":"https:\/\/antonini.psc.br\/index.php?rest_route=%2Fwp%2Fv2%2Ftags&post=74223"}],"curies":[{"name":"wp","href":"https:\/\/api.w.org\/{rel}","templated":true}]}}