{"id":74329,"date":"2025-07-19T17:58:02","date_gmt":"2025-07-19T17:58:02","guid":{"rendered":"https:\/\/antonini.com.br\/?p=74329"},"modified":"2025-07-19T18:30:06","modified_gmt":"2025-07-19T18:30:06","slug":"acoes-afirmativas-ou-apologia-ao-racismo-e-segregacao-social","status":"publish","type":"post","link":"https:\/\/antonini.psc.br\/?p=74329","title":{"rendered":"A\u00e7\u00f5es afirmativas ou apologia ao racismo e segrega\u00e7\u00e3o social?"},"content":{"rendered":"<p>Com a manchete abaixo, fruto de um artigo escrito por &#8220;soci\u00f3logos&#8221; o Universo On Line escancara seu vi\u00e9s comunista.<!--more--><\/p>\n<blockquote>\n<p style=\"text-align: justify;\"><strong>Pol\u00edtica de cotas mudou debate p\u00fablico no Brasil: &#8216;Racismo era tabu&#8217;\u2026&nbsp;<\/strong><\/p>\n<\/blockquote>\n<p style=\"text-align: justify;\">Os ignorantes que n\u00e3o conhecem o m\u00ednimo da hist\u00f3ria do Brasil n\u00e3o sabem que o racismo est\u00e1 em extin\u00e7\u00e3o no Brasil h\u00e1 mais de um s\u00e9culo e querem ressuscit\u00e1-lo para provocar guerras fratricidas que enfraque\u00e7am a unidade nacional, permitindo a domina\u00e7\u00e3o e o implante do nojento, assassino e escravizante regime comunista que matou mais do que todas as guerras e epidemias dos dois \u00faltimos s\u00e9culos somadas e, onde se instalou, ap\u00f3s genoc\u00eddios e carnificinas, obriga at\u00e9 as<a href=\"https:\/\/opatriota.org\/?page_id=45860\" target=\"_blank\" rel=\"noopener\"> crian\u00e7as a se prostitu\u00edrem<\/a> para n\u00e3o morrerem de fome.<\/p>\n<p style=\"text-align: center;\"><video controls=\"controls\" width=\"560\" height=\"x\"><source src=\"https:\/\/opatriota.org\/mp4\/2293.mp4\" type=\"video\/mp4\"\/><\/video><\/p>\n<p>N\u00e3o sabem que:<\/p>\n<ol>\n<li style=\"text-align: justify;\">Negros, brancos e \u00edndios lutaram lado a lado na Guerra do Paraguai, sem distin\u00e7\u00e3o alguma de patentes e de tarefas.<\/li>\n<li style=\"text-align: justify;\">O primeiro psiquiatra brasileiro, Juliano Moreira, era negro.<\/li>\n<li style=\"text-align: justify;\">Os irm\u00e3os e engenheiros Andr\u00e9 e Ant\u00f4nio Rebou\u00e7as, que projetaram a obra ferrovi\u00e1ria mais dif\u00edcil de todos os tempos, a ferrovia Curitiba-Paranagu\u00e1, eram negros.<\/li>\n<li style=\"text-align: justify;\">O Brasil j\u00e1 teve um presidente negro, Nilo Pe\u00e7anha, que governou de 1909 a 1910.<\/li>\n<li style=\"text-align: justify;\">O Brasil tamb\u00e9m j\u00e1 teve dois ministros negros na Suprema Corte, antes do perjuro de avental Joaquim Barbosa: Pedro Lessa, de 1907 a 1921, e Hermenegildo de Barros, entre 1917 e 1931.<\/li>\n<li style=\"text-align: justify;\">Na Segunda Guerra Mundial, a FEB (For\u00e7a Expedicion\u00e1ria Brasileira) causou um esc\u00e2ndalo ao se apresentar ao Alto Comando Aliado, quando suas tropas entraram no quartel-general marchando em forma\u00e7\u00e3o e todas misturadas, brancos e negros juntos, lado a lado, algo impens\u00e1vel entre os demais ex\u00e9rcitos daquela \u00e9poca.<\/li>\n<\/ol>\n<p style=\"text-align: justify;\">O fomento ao racismo custar\u00e1 muito caro aos negros. Custar\u00e1 desemprego, pois empresas contratam m\u00e3o de obra e c\u00e9rebros, n\u00e3o pele para trabalhar, e fogem de qualquer tipo de ideologia porque elas apenas causam conflitos, n\u00e3o geram nenhum benef\u00edcio.<\/p>\n<p style=\"text-align: justify;\">O que se tornou vis\u00edvel com a Lei de Cotas Raciais foi o decl\u00ednio da qualidade da forma\u00e7\u00e3o superior e das p\u00f3s-gradua\u00e7\u00f5es, especialmente as de <em>stricto sensu<\/em> (mestrado e doutorado), com um &#8220;emburrecimento&#8221; evidente dos profissionais graduados, em especial nas IFES (Institui\u00e7\u00f5es Federais de Ensino Superior), bem como nas p\u00f3s-gradua\u00e7\u00f5es, que s\u00e3o as mais atingidas pelas ideologias.<\/p>\n<p style=\"text-align: justify;\">A substitui\u00e7\u00e3o do m\u00e9rito pela cor da pele ou pelo assistencialismo (coitadismo) social afundar\u00e1 o ensino superior brasileiro, tornando os diplomas de gradua\u00e7\u00e3o e de p\u00f3s-gradua\u00e7\u00e3o sup\u00e9rfluos, irrelevantes e in\u00fateis.<\/p>\n<p style=\"text-align: justify;\">Leiam o artigo infame e racista <a href=\"https:\/\/noticias.uol.com.br\/cotidiano\/ultimas-noticias\/2025\/07\/13\/politica-de-cotas-mudou-debate-publico-no-brasil-racismo-era-tabu.htm?utm_source=newsletter&amp;utm_medium=email&amp;utm_campaign=nos-negros&amp;utm_content=botao-leia-mais&amp;elqTrack=true&amp;cmpid=copiaecola\" target=\"_blank\" rel=\"noopener\">aqui<\/a><\/p>\n<p style=\"text-align: center;\">[<a href=\"javascript:history.go(-1)\">Voltar<\/a>]<\/p>\n","protected":false},"excerpt":{"rendered":"<p>Com a manchete abaixo, fruto de um artigo escrito por &#8220;soci\u00f3logos&#8221; o Universo On Line escancara seu vi\u00e9s comunista.<\/p>\n","protected":false},"author":1,"featured_media":0,"comment_status":"open","ping_status":"open","sticky":false,"template":"","format":"standard","meta":{"footnotes":""},"categories":[29],"tags":[],"class_list":["post-74329","post","type-post","status-publish","format-standard","hentry","category-politica"],"_links":{"self":[{"href":"https:\/\/antonini.psc.br\/index.php?rest_route=\/wp\/v2\/posts\/74329","targetHints":{"allow":["GET"]}}],"collection":[{"href":"https:\/\/antonini.psc.br\/index.php?rest_route=\/wp\/v2\/posts"}],"about":[{"href":"https:\/\/antonini.psc.br\/index.php?rest_route=\/wp\/v2\/types\/post"}],"author":[{"embeddable":true,"href":"https:\/\/antonini.psc.br\/index.php?rest_route=\/wp\/v2\/users\/1"}],"replies":[{"embeddable":true,"href":"https:\/\/antonini.psc.br\/index.php?rest_route=%2Fwp%2Fv2%2Fcomments&post=74329"}],"version-history":[{"count":6,"href":"https:\/\/antonini.psc.br\/index.php?rest_route=\/wp\/v2\/posts\/74329\/revisions"}],"predecessor-version":[{"id":74335,"href":"https:\/\/antonini.psc.br\/index.php?rest_route=\/wp\/v2\/posts\/74329\/revisions\/74335"}],"wp:attachment":[{"href":"https:\/\/antonini.psc.br\/index.php?rest_route=%2Fwp%2Fv2%2Fmedia&parent=74329"}],"wp:term":[{"taxonomy":"category","embeddable":true,"href":"https:\/\/antonini.psc.br\/index.php?rest_route=%2Fwp%2Fv2%2Fcategories&post=74329"},{"taxonomy":"post_tag","embeddable":true,"href":"https:\/\/antonini.psc.br\/index.php?rest_route=%2Fwp%2Fv2%2Ftags&post=74329"}],"curies":[{"name":"wp","href":"https:\/\/api.w.org\/{rel}","templated":true}]}}