{"id":74336,"date":"2025-07-20T15:38:16","date_gmt":"2025-07-20T15:38:16","guid":{"rendered":"https:\/\/antonini.com.br\/?p=74336"},"modified":"2025-07-22T23:39:23","modified_gmt":"2025-07-22T23:39:23","slug":"o-vexatorio-tropeco-verborragico-do-ministro-barroso","status":"publish","type":"post","link":"https:\/\/antonini.psc.br\/?p=74336","title":{"rendered":"O vexat\u00f3rio trope\u00e7o verborr\u00e1gico do ministro Barroso"},"content":{"rendered":"<p style=\"text-align: justify;\">O ministro &#8220;perdeu man\u00e9&#8221; trope\u00e7ou na lingua e deu bom dia a cavalo.<!--more-->&nbsp;<\/p>\n<p style=\"text-align: justify;\">Perdeu a maior oportunidade de ficar calado, mas quis se locupletar e agora ser\u00e1 lembrado pela asneira ofensiva que jactou (despejou) de sua latrina bucal.&nbsp;<\/p>\n<p><img loading=\"lazy\" decoding=\"async\" class=\"aligncenter size-full wp-image-74338\" src=\"https:\/\/antonini.com.br\/wp-content\/uploads\/2025\/07\/wp-17530261438241048755996439415682.jpg\" alt=\"\" width=\"1080\" height=\"1571\" srcset=\"https:\/\/antonini.psc.br\/wp-content\/uploads\/2025\/07\/wp-17530261438241048755996439415682.jpg 1080w, https:\/\/antonini.psc.br\/wp-content\/uploads\/2025\/07\/wp-17530261438241048755996439415682-206x300.jpg 206w, https:\/\/antonini.psc.br\/wp-content\/uploads\/2025\/07\/wp-17530261438241048755996439415682-704x1024.jpg 704w, https:\/\/antonini.psc.br\/wp-content\/uploads\/2025\/07\/wp-17530261438241048755996439415682-768x1117.jpg 768w, https:\/\/antonini.psc.br\/wp-content\/uploads\/2025\/07\/wp-17530261438241048755996439415682-1056x1536.jpg 1056w\" sizes=\"auto, (max-width: 1080px) 100vw, 1080px\" \/><\/p>\n<p style=\"text-align: center;\">[<a href=\"javascript:history.go(-1)\">Voltar<\/a>]<\/p>\n","protected":false},"excerpt":{"rendered":"<p>O ministro &#8220;perdeu man\u00e9&#8221; trope\u00e7ou na lingua e deu bom dia a cavalo.<\/p>\n","protected":false},"author":1,"featured_media":0,"comment_status":"open","ping_status":"open","sticky":false,"template":"","format":"standard","meta":{"footnotes":""},"categories":[29],"tags":[],"class_list":["post-74336","post","type-post","status-publish","format-standard","hentry","category-politica"],"_links":{"self":[{"href":"https:\/\/antonini.psc.br\/index.php?rest_route=\/wp\/v2\/posts\/74336","targetHints":{"allow":["GET"]}}],"collection":[{"href":"https:\/\/antonini.psc.br\/index.php?rest_route=\/wp\/v2\/posts"}],"about":[{"href":"https:\/\/antonini.psc.br\/index.php?rest_route=\/wp\/v2\/types\/post"}],"author":[{"embeddable":true,"href":"https:\/\/antonini.psc.br\/index.php?rest_route=\/wp\/v2\/users\/1"}],"replies":[{"embeddable":true,"href":"https:\/\/antonini.psc.br\/index.php?rest_route=%2Fwp%2Fv2%2Fcomments&post=74336"}],"version-history":[{"count":2,"href":"https:\/\/antonini.psc.br\/index.php?rest_route=\/wp\/v2\/posts\/74336\/revisions"}],"predecessor-version":[{"id":74339,"href":"https:\/\/antonini.psc.br\/index.php?rest_route=\/wp\/v2\/posts\/74336\/revisions\/74339"}],"wp:attachment":[{"href":"https:\/\/antonini.psc.br\/index.php?rest_route=%2Fwp%2Fv2%2Fmedia&parent=74336"}],"wp:term":[{"taxonomy":"category","embeddable":true,"href":"https:\/\/antonini.psc.br\/index.php?rest_route=%2Fwp%2Fv2%2Fcategories&post=74336"},{"taxonomy":"post_tag","embeddable":true,"href":"https:\/\/antonini.psc.br\/index.php?rest_route=%2Fwp%2Fv2%2Ftags&post=74336"}],"curies":[{"name":"wp","href":"https:\/\/api.w.org\/{rel}","templated":true}]}}