{"id":74456,"date":"2025-08-16T00:28:58","date_gmt":"2025-08-16T00:28:58","guid":{"rendered":"https:\/\/antonini.com.br\/?p=74456"},"modified":"2025-08-16T03:33:01","modified_gmt":"2025-08-16T03:33:01","slug":"o-escandalo-do-mais-medicos-a-escravidao-humana-permitida-e-legalizada-do-seculo-xxi","status":"publish","type":"post","link":"https:\/\/antonini.psc.br\/?p=74456","title":{"rendered":"O esc\u00e2ndalo do mais m\u00e9dicos"},"content":{"rendered":"<p><a href=\"https:\/\/opatriota.org\/?page_id=39493\" target=\"_blank\"><\/a><\/p>\n<p style=\"text-align: justify;\">A escravid\u00e3o humana permitida e legalizada do s\u00e9culo XXI.<!--more--><\/p>\n<p style=\"text-align: justify;\">Cuba, a sucursal do inferno na terra, que lula, putin e tantos outros comunistas min\u00fasculos, in\u00fateis e desprez\u00edveis vendem como um para\u00edso, escraviza seus m\u00e9dicos e os exporta para trabalhar em outros pa\u00edses, mas cuja retribui\u00e7\u00e3o financeira pelos servi\u00e7os \u00e9 paga ao tirano daquela ilha-pres\u00eddio.<\/p>\n<p style=\"text-align: justify;\">Os tiranos comunistas fazem a mesma coisa: escravizam seus povos para viverem nababescamente e enriquecerem \u00e0s custas do trabalho escravo.<\/p>\n<p style=\"text-align: justify;\">Quanto \u00e0 indigna\u00e7\u00e3o da jornalista da Goebbels News com a retirada do visto norte-americano da filha do ministro Padilha, um reles capacho lulopetista que foi o <strong>feitor<\/strong> dos escravos cubanos no Brasil, basta lembrar que o psicopata que implantou a tirania togada em que o Brasil est\u00e1 mergulhado bloqueou contas banc\u00e1rias de esposas de PERSEGUIDOS POL\u00cdTICOS, condenando suas crian\u00e7as \u00e0 mis\u00e9ria, \u00e0 pen\u00faria e \u00e0 fome.<\/p>\n<p style=\"text-align: justify;\">Alexandre Padilha que se d\u00ea por satisfeito em, por enquanto, perder o visto. Amanh\u00e3, certamente, ele estar\u00e1 rastejando nas sarjetas ou trancafiado em algum pres\u00eddio de seguran\u00e7a m\u00e1xima por crime contra a humanidade, nos EUA, pois no mundo inteiro, a escravid\u00e3o \u00e9 crime contra a humanidade.<\/p>\n<p style=\"text-align: justify;\">H\u00e1 pessoas no Brasil que tentam imputar aos brasileiros brancos de hoje, o crime de escravid\u00e3o humana, que foi cometido por negros africanos durante s\u00e9culos, quando capturavam, na \u00c1frica, seus conterr\u00e2neos e os vendiam aos traficantes portugueses, espanh\u00f3is e franceses nas costas. A conversinha fiada de &#8220;d\u00edvida hist\u00f3rica da escravid\u00e3o&#8221; n\u00e3o passa de chantagem de racistas travestidos de defensores de uma falsa &#8220;igualdade social&#8221; que est\u00e1 promovendo um &#8220;apartheid&#8221; no Brasil.<\/p>\n<p style=\"text-align: justify;\">A bem da verdade, os compradores salvavam os escravizados da morte certa, pois aqueles que n\u00e3o eram vendidos eram mortos. Isso ningu\u00e9m fala. Os escravos que vieram para o Brasil <strong>foram vendidos por negros e salvos pelos brancos<\/strong>, como declarou o cantor Mr. Catra em um programa da R\u00e1dio Jovem Pan (assistam <a href=\"https:\/\/youtu.be\/G1dE2tbYduc\" target=\"_blank\" rel=\"noopener\">aqui<\/a>).<\/p>\n<p style=\"text-align: justify;\">Os brasileiros brancos s\u00e3o, em grande maioria, descendentes de imigrantes, filhos, netos, bisnetos de italianos, alem\u00e3es, <a href=\"https:\/\/opatriota.org\/?page_id=39493\" target=\"_blank\">poloneses<\/a>, ucranianos, \u00e1rabes, japoneses, chineses, coreanos, russos e muitos outros. Eles n\u00e3o t\u00eam nada a ver com o que aconteceu no passado e n\u00e3o s\u00e3o respons\u00e1veis pela escravid\u00e3o, que j\u00e1 foi extinta h\u00e1 137 anos.<\/p>\n<p style=\"text-align: justify;\">O ordenamento jur\u00eddico brasileiro \u00e9 claro quanto a titularidade e personalidade da culpa e da pena. A culpa de um crime \u00e9 intransfer\u00edvel e a pena n\u00e3o passa da pessoa do apenado para terceiros (familiares, amigos, etc.). Essa balela de d\u00edvida hist\u00f3rica \u00e9 crime de cal\u00fania, difama\u00e7\u00e3o e de inj\u00faria racial contra os demais brasileiros que n\u00e3o s\u00e3o descendentes de africanos.<\/p>\n<p style=\"text-align: center;\">[<a href=\"javascript:history.go(-1)\">Voltar<\/a>]<\/p>\n","protected":false},"excerpt":{"rendered":"<p>A escravid\u00e3o humana permitida e legalizada do s\u00e9culo XXI.<\/p>\n","protected":false},"author":1,"featured_media":0,"comment_status":"open","ping_status":"open","sticky":false,"template":"","format":"standard","meta":{"footnotes":""},"categories":[29,124],"tags":[],"class_list":["post-74456","post","type-post","status-publish","format-standard","hentry","category-politica","category-saude"],"_links":{"self":[{"href":"https:\/\/antonini.psc.br\/index.php?rest_route=\/wp\/v2\/posts\/74456","targetHints":{"allow":["GET"]}}],"collection":[{"href":"https:\/\/antonini.psc.br\/index.php?rest_route=\/wp\/v2\/posts"}],"about":[{"href":"https:\/\/antonini.psc.br\/index.php?rest_route=\/wp\/v2\/types\/post"}],"author":[{"embeddable":true,"href":"https:\/\/antonini.psc.br\/index.php?rest_route=\/wp\/v2\/users\/1"}],"replies":[{"embeddable":true,"href":"https:\/\/antonini.psc.br\/index.php?rest_route=%2Fwp%2Fv2%2Fcomments&post=74456"}],"version-history":[{"count":9,"href":"https:\/\/antonini.psc.br\/index.php?rest_route=\/wp\/v2\/posts\/74456\/revisions"}],"predecessor-version":[{"id":74465,"href":"https:\/\/antonini.psc.br\/index.php?rest_route=\/wp\/v2\/posts\/74456\/revisions\/74465"}],"wp:attachment":[{"href":"https:\/\/antonini.psc.br\/index.php?rest_route=%2Fwp%2Fv2%2Fmedia&parent=74456"}],"wp:term":[{"taxonomy":"category","embeddable":true,"href":"https:\/\/antonini.psc.br\/index.php?rest_route=%2Fwp%2Fv2%2Fcategories&post=74456"},{"taxonomy":"post_tag","embeddable":true,"href":"https:\/\/antonini.psc.br\/index.php?rest_route=%2Fwp%2Fv2%2Ftags&post=74456"}],"curies":[{"name":"wp","href":"https:\/\/api.w.org\/{rel}","templated":true}]}}