{"id":7447,"date":"2009-11-02T02:07:40","date_gmt":"2009-11-02T05:07:40","guid":{"rendered":"http:\/\/antonini.med.br\/blog\/?p=7447"},"modified":"2022-02-15T03:27:36","modified_gmt":"2022-02-15T03:27:36","slug":"nasa-anuncia-existencia-de-agua-na-lua","status":"publish","type":"post","link":"https:\/\/antonini.psc.br\/?p=7447","title":{"rendered":"NASA anuncia exist\u00eancia de \u00e1gua na Lua"},"content":{"rendered":"<p style=\"text-align: justify;\">Cientistas da NASA encontraram \u00e1gua na superf\u00edcie da Lua. <!--more--><\/p>\n<p style=\"text-align: justify;\">Mas calma: quando eles dizem \u00e1gua, querem dizer mol\u00e9culas.<\/p>\n<p style=\"text-align: justify;\"><img loading=\"lazy\" decoding=\"async\" class=\"aligncenter\" src=\"http:\/\/info.abril.com.br\/aberto\/infonews\/fotos\/lua-20090924170043.jpg\" alt=\"\" width=\"480\" height=\"406\" \/><\/p>\n<p style=\"text-align: justify;\">Apesar de n\u00e3o se tratar dos rios, mares e lagos que normalmente a palavra \u201c\u00e1gua\u201d pode evocar na imagina\u00e7\u00e3o dos terr\u00e1queos, a descoberta \u00e9 um grande passo para a melhor compreens\u00e3o da Lua \u2013 e quem sabe sua futura explora\u00e7\u00e3o como base de lan\u00e7amentos para outras regi\u00f5es do Sistema Solar.<\/p>\n<p style=\"text-align: justify;\">nstrumentos a bordo de tr\u00eas naves diferentes revelaram mol\u00e9culas de \u00e1gua em quantidade bem maior do que o previsto \u2013 mas ainda assim, um volume bastante pequeno. Al\u00e9m de H2O, foram encontradas mol\u00e9culas de hidroxila, compostas de um \u00e1tomo de oxig\u00eanio e outro de hidrog\u00eanio.<\/p>\n<p style=\"text-align: justify;\">O mais interessante \u00e9 que as mol\u00e9culas de \u00e1gua est\u00e3o na superf\u00edcie lunar, interagindo com a poeira e com as pedras. Elas foram encontradas em diversas \u00e1reas da regi\u00e3o ensolarada da Lua, e sua presen\u00e7a era mais forte quanto maior a latitude.<\/p>\n<p style=\"text-align: justify;\">Apesar da quantidade n\u00e3o ser conhecida com precis\u00e3o, a NASA afirma que ela n\u00e3o deve ser muita. Para se ter uma ideia, se uma tonelada da camada superficial da Lua fosse recolhida, haveria nela menos de um litro de \u00e1gua.<\/p>\n<p style=\"text-align: justify;\"><img loading=\"lazy\" decoding=\"async\" class=\"aligncenter\" src=\"http:\/\/info.abril.com.br\/aberto\/infonews\/fotos\/agua-na-lua-20090924165507.jpg\" alt=\"\" width=\"400\" height=\"248\" \/><em>Imagem mostra jovem cratera lunar vista pelo instrumento Moon Mineralogy Mapper, a bordo do Chandrayaan-1 spacecraft. \u00c0 esquerda, o brilho em comprimentos curtos de ondas infravermelhas. \u00c0 direita, a distribui\u00e7\u00e3o de materiais ricos em \u00e1gua (azul) \u00e9 mostrada o redor da cratera. Foto: ISRO\/NASA\/JPL-Caltech\/USGS\/Brown Univ<\/em><\/p>\n<p style=\"text-align: justify;\">A descoberta foi anunciada em coletiva de imprensa hoje e publicada na revista <a href=\"http:\/\/sciencenow.sciencemag.org\/cgi\/content\/full\/2009\/924\/1\">Science<\/a>. A confirma\u00e7\u00e3o de mol\u00e9culas de \u00e1gua e de hidroxila a estas concentra\u00e7\u00f5es nos p\u00f3los lunares levanta novas quest\u00f5es sobre sua origem e seus efeitos &#8211; sem falar na import\u00e2ncia simb\u00f3lica do achado: apesar da presen\u00e7a de gelo no sat\u00e9lite natural da Terra j\u00e1 havia sido anunciada em 1998, encontrar \u00e1gua l\u00edquida na Lua \u00e9 quase um Santo Graal para os astr\u00f4nomos.<\/p>\n<p style=\"text-align: justify;\">O instrumento Moon Mineralogy Mapper, ou M3, foi o primeiro a reportar o achado. Lan\u00e7ado no dia 22 outubro de 2008 a bordo da nave Chandrayaan-1, da ag\u00eancia especial indiana, ele mediu a luz refletida pela lua em infravermelho. Dividindo as cores da superf\u00edcie lunar em pequenos peda\u00e7os, ele revelou detalhes da composi\u00e7\u00e3o do solo.<\/p>\n<p style=\"text-align: justify;\">Aos analisar os dados do instrumento, a equipe do M3 viu que os comprimentos de onda da luz sendo absorvida eram consistentes com o padr\u00e3o de absor\u00e7\u00e3o de mol\u00e9culas de \u00e1gua e hidroxila. Para confirmar as informa\u00e7\u00f5es, a nave Cassini foi acionada. Com seu espectr\u00f4metro de mapeamento visual infravermelho, ela confirmou os dados. Outro espectr\u00f4metro, a bordo da EPOXI, tamb\u00e9m confirmou a descoberta.<\/p>\n<p style=\"text-align: justify;\">Para a NASA, a presen\u00e7a das mol\u00e9culas de \u00e1gua e hidrozila na superf\u00edcie lunar \u00e9 um fato sem margem para erros.<\/p>\n<p style=\"text-align: center;\">[<a href=\"javascript:history.go(-1)\">Voltar<\/a>]<\/p>\n","protected":false},"excerpt":{"rendered":"<p>Cientistas da NASA encontraram \u00e1gua na superf\u00edcie da Lua.<\/p>\n","protected":false},"author":1,"featured_media":0,"comment_status":"open","ping_status":"open","sticky":false,"template":"","format":"standard","meta":{"footnotes":""},"categories":[27],"tags":[],"class_list":["post-7447","post","type-post","status-publish","format-standard","hentry","category-noticias"],"_links":{"self":[{"href":"https:\/\/antonini.psc.br\/index.php?rest_route=\/wp\/v2\/posts\/7447","targetHints":{"allow":["GET"]}}],"collection":[{"href":"https:\/\/antonini.psc.br\/index.php?rest_route=\/wp\/v2\/posts"}],"about":[{"href":"https:\/\/antonini.psc.br\/index.php?rest_route=\/wp\/v2\/types\/post"}],"author":[{"embeddable":true,"href":"https:\/\/antonini.psc.br\/index.php?rest_route=\/wp\/v2\/users\/1"}],"replies":[{"embeddable":true,"href":"https:\/\/antonini.psc.br\/index.php?rest_route=%2Fwp%2Fv2%2Fcomments&post=7447"}],"version-history":[{"count":1,"href":"https:\/\/antonini.psc.br\/index.php?rest_route=\/wp\/v2\/posts\/7447\/revisions"}],"predecessor-version":[{"id":27930,"href":"https:\/\/antonini.psc.br\/index.php?rest_route=\/wp\/v2\/posts\/7447\/revisions\/27930"}],"wp:attachment":[{"href":"https:\/\/antonini.psc.br\/index.php?rest_route=%2Fwp%2Fv2%2Fmedia&parent=7447"}],"wp:term":[{"taxonomy":"category","embeddable":true,"href":"https:\/\/antonini.psc.br\/index.php?rest_route=%2Fwp%2Fv2%2Fcategories&post=7447"},{"taxonomy":"post_tag","embeddable":true,"href":"https:\/\/antonini.psc.br\/index.php?rest_route=%2Fwp%2Fv2%2Ftags&post=7447"}],"curies":[{"name":"wp","href":"https:\/\/api.w.org\/{rel}","templated":true}]}}