{"id":75499,"date":"2026-02-07T16:29:55","date_gmt":"2026-02-07T16:29:55","guid":{"rendered":"https:\/\/antonini.com.br\/?p=75499"},"modified":"2026-02-07T16:29:55","modified_gmt":"2026-02-07T16:29:55","slug":"a-verdade-sobre-nelson-mandela","status":"publish","type":"post","link":"https:\/\/antonini.psc.br\/?p=75499","title":{"rendered":"A verdade sobre Nelson Mandela"},"content":{"rendered":"<p style=\"text-align: justify;\">Ganhador do Nobel da Paz de 1993, Mandela \u00e9 exatamente o oposto do que vendem por a\u00ed.<!--more--><\/p>\n<p style=\"text-align: justify;\">Comunista, envolvido at\u00e9 o pesco\u00e7o com a luta armada para derrubar o governo e implantar o genocida e escravizante comunismo na \u00c1frica do Sul, Mandela foi preso e condenado \u00e0 pris\u00e3o perp\u00e9tua por conspira\u00e7\u00e3o, golpe de Estado, terrorismo e assassinato de negros em emboscadas que armava para culpar o governo racista da \u00c1frica do Sul.<\/p>\n<p style=\"text-align: justify;\">Jamais foi o pacifista que tentam vender por a\u00ed, ao contr\u00e1rio. Da mesma forma que Dilma Rousseff, de quem foi contempor\u00e2neo, pegou em armas e assassinou seus conterr\u00e2neos.<\/p>\n<p style=\"text-align: justify;\">Falando em Pr\u00eamio Nobel, vai aqui uma curiosidade: dos 30 pr\u00eamios concedidos pela Funda\u00e7\u00e3o Alfred Nobel ao continente africano, os tr\u00eas laureados com o Pr\u00eamio Nobel de Fisiologia ou Medicina s\u00e3o brancos; os tr\u00eas de Qu\u00edmica tamb\u00e9m s\u00e3o brancos; os dois de F\u00edsica tamb\u00e9m s\u00e3o brancos; dentre os laureados com o pr\u00eamio de Literatura, seis s\u00e3o brancos e dois s\u00e3o negros; finalizando, dentre os laureados com o Nobel da Paz, cinco s\u00e3o brancos e nove s\u00e3o negros. Qual o significado disso? S\u00e3o dados estat\u00edsticos, reflitam e tirem suas pr\u00f3prias conclus\u00f5es.<\/p>\n<p style=\"text-align: justify;\">Como se pode ver no par\u00e1grafo acima, a Funda\u00e7\u00e3o Nobel j\u00e1 laureou assassinos e genocidas com o Nobel da Paz. Al\u00e9m de Mandela, o genocida e carniceiro palestino Yasser Arafat foi laureado em 1994 e, por isso, n\u00e3o seria nem um pouco estranho ou fora dos padr\u00f5es o b\u00eabado, corrupto e analfabeto que destruiu o Brasil receber um Pr\u00eamio Nobel da Paz.<\/p>\n<p style=\"text-align: center;\"><video controls=\"controls\" width=\"560\" height=\"\"><source src=\"https:\/\/antonini.psc.br\/mp4\/5931.mp4\" type=\"video\/mp4\" \/><\/video><\/p>\n<p style=\"text-align: center;\">[<a href=\"javascript:history.go(-1)\">Voltar<\/a>]<\/p>\n","protected":false},"excerpt":{"rendered":"<p>Ganhador do Nobel da Paz de 1993, Mandela \u00e9 exatamente o oposto do que vendem por a\u00ed.<\/p>\n","protected":false},"author":1,"featured_media":0,"comment_status":"open","ping_status":"open","sticky":false,"template":"","format":"standard","meta":{"footnotes":""},"categories":[29],"tags":[],"class_list":["post-75499","post","type-post","status-publish","format-standard","hentry","category-politica"],"_links":{"self":[{"href":"https:\/\/antonini.psc.br\/index.php?rest_route=\/wp\/v2\/posts\/75499","targetHints":{"allow":["GET"]}}],"collection":[{"href":"https:\/\/antonini.psc.br\/index.php?rest_route=\/wp\/v2\/posts"}],"about":[{"href":"https:\/\/antonini.psc.br\/index.php?rest_route=\/wp\/v2\/types\/post"}],"author":[{"embeddable":true,"href":"https:\/\/antonini.psc.br\/index.php?rest_route=\/wp\/v2\/users\/1"}],"replies":[{"embeddable":true,"href":"https:\/\/antonini.psc.br\/index.php?rest_route=%2Fwp%2Fv2%2Fcomments&post=75499"}],"version-history":[{"count":0,"href":"https:\/\/antonini.psc.br\/index.php?rest_route=\/wp\/v2\/posts\/75499\/revisions"}],"wp:attachment":[{"href":"https:\/\/antonini.psc.br\/index.php?rest_route=%2Fwp%2Fv2%2Fmedia&parent=75499"}],"wp:term":[{"taxonomy":"category","embeddable":true,"href":"https:\/\/antonini.psc.br\/index.php?rest_route=%2Fwp%2Fv2%2Fcategories&post=75499"},{"taxonomy":"post_tag","embeddable":true,"href":"https:\/\/antonini.psc.br\/index.php?rest_route=%2Fwp%2Fv2%2Ftags&post=75499"}],"curies":[{"name":"wp","href":"https:\/\/api.w.org\/{rel}","templated":true}]}}