{"id":75625,"date":"2025-11-02T18:43:08","date_gmt":"2025-11-02T18:43:08","guid":{"rendered":"https:\/\/antonini.psc.br\/?p=75625"},"modified":"2026-04-15T18:47:20","modified_gmt":"2026-04-15T18:47:20","slug":"o-cumulo-da-insanidade-ecovigarista","status":"publish","type":"post","link":"https:\/\/antonini.psc.br\/?p=75625","title":{"rendered":"O c\u00famulo da insanidade ecovigarista"},"content":{"rendered":"<div style=\"text-align: justify;\">O que corre pelo mundo de hist\u00f3rias de est\u00e1bulos europeus que voam pelos ares devido a peidos de vacas que explodiram ap\u00f3s fa\u00edscas de disjuntores el\u00e9tricos.<!--more--><\/p>\n<p align=\"center\"><img loading=\"lazy\" decoding=\"async\" src=\"\/img\/wp-17624365801713263191270463237237.png\" alt=\"\" width=\"560\" height=\"373\"\/><\/p>\n<blockquote>\n<p><b><em>ADITIVO \u201cBOVAER\u201d sofre REJEI\u00c7\u00c3O de PECUARISTAS e CONSUMIDORES na EUROPA,\u2026<\/em><\/b><\/p>\n<\/blockquote>\n<p style=\"text-align: justify;\">Querem descarbonizar o mundo? \u00c9 muito f\u00e1cil. Exterminem todas as formas de vida no planeta. Eliminem desde os v\u00edrus at\u00e9 os humanos.Todos os seres vivos s\u00e3o compostos de carbono ambulantes.<\/p>\n<p align=\"center\"><img loading=\"lazy\" decoding=\"async\" src=\"\/img\/Gemini_Generated_Image_yz0dd2yz0dd2yz0d.png\" width=\"560\" height=\"436\"\/><\/p>\n<p style=\"text-align: justify;\">Se o tal aditivo n\u00e3o foi criado por ecovigaristas justamente para exterminar o gado bovino, n\u00e3o \u00e9 de se duvidar.<\/p>\n<p style=\"text-align: center;\"><iframe loading=\"lazy\" src=\"\/\/www.youtube.com\/embed\/1flhgzKIJGE\" width=\"560\" height=\"314\" allowfullscreen=\"allowfullscreen\"><\/iframe><\/p>\n<p style=\"text-align: center;\">[<a href=\"javascript:history.go(-1)\">Voltar<\/a>]<\/p>\n<\/div>\n","protected":false},"excerpt":{"rendered":"<p>O que corre pelo mundo de hist\u00f3rias de est\u00e1bulos europeus que voam pelos ares devido a peidos de vacas que explodiram ap\u00f3s fa\u00edscas de disjuntores el\u00e9tricos.<\/p>\n","protected":false},"author":1,"featured_media":0,"comment_status":"open","ping_status":"open","sticky":false,"template":"","format":"standard","meta":{"footnotes":""},"categories":[29,122],"tags":[],"class_list":["post-75625","post","type-post","status-publish","format-standard","hentry","category-politica","category-saude-mental"],"_links":{"self":[{"href":"https:\/\/antonini.psc.br\/index.php?rest_route=\/wp\/v2\/posts\/75625","targetHints":{"allow":["GET"]}}],"collection":[{"href":"https:\/\/antonini.psc.br\/index.php?rest_route=\/wp\/v2\/posts"}],"about":[{"href":"https:\/\/antonini.psc.br\/index.php?rest_route=\/wp\/v2\/types\/post"}],"author":[{"embeddable":true,"href":"https:\/\/antonini.psc.br\/index.php?rest_route=\/wp\/v2\/users\/1"}],"replies":[{"embeddable":true,"href":"https:\/\/antonini.psc.br\/index.php?rest_route=%2Fwp%2Fv2%2Fcomments&post=75625"}],"version-history":[{"count":1,"href":"https:\/\/antonini.psc.br\/index.php?rest_route=\/wp\/v2\/posts\/75625\/revisions"}],"predecessor-version":[{"id":75626,"href":"https:\/\/antonini.psc.br\/index.php?rest_route=\/wp\/v2\/posts\/75625\/revisions\/75626"}],"wp:attachment":[{"href":"https:\/\/antonini.psc.br\/index.php?rest_route=%2Fwp%2Fv2%2Fmedia&parent=75625"}],"wp:term":[{"taxonomy":"category","embeddable":true,"href":"https:\/\/antonini.psc.br\/index.php?rest_route=%2Fwp%2Fv2%2Fcategories&post=75625"},{"taxonomy":"post_tag","embeddable":true,"href":"https:\/\/antonini.psc.br\/index.php?rest_route=%2Fwp%2Fv2%2Ftags&post=75625"}],"curies":[{"name":"wp","href":"https:\/\/api.w.org\/{rel}","templated":true}]}}