{"id":75637,"date":"2025-10-30T19:00:22","date_gmt":"2025-10-30T19:00:22","guid":{"rendered":"https:\/\/antonini.psc.br\/?p=75637"},"modified":"2026-04-15T19:01:55","modified_gmt":"2026-04-15T19:01:55","slug":"bateu-o-desespero-no-desgoverno-lulopetiste","status":"publish","type":"post","link":"https:\/\/antonini.psc.br\/?p=75637","title":{"rendered":"Bateu o desespero no desgoverno lulopetistE"},"content":{"rendered":"<div style=\"text-align: justify;\">A fac\u00e7\u00e3o criminosa, travestida de partido dos trabalhadores que n\u00e3o trabalham, atrav\u00e9s da sua base parlamentar, pede a pris\u00e3o do governador do Rio!<!--more--><\/p>\n<p style=\"text-align: justify;\">Depois que o governador do Rio de Janeiro escancarou a cumplicidade do b\u00eabado, corrupto e analfabeto com o narcotr\u00e1fico, querem a pris\u00e3o dele para tir\u00e1-lo da pol\u00edtica e impedir que ele se reeleja, certamente em primeiro turno, ou ent\u00e3o se eleja senador.<\/p>\n<p style=\"text-align: justify;\">Ser\u00e1 que \u00e9 preciso desenhar para as amebas comatosas que habitam os intestinos de luladr\u00e3o que o governador mandou prender os traficantes, que reagiram e mataram policiais, sendo, como rea\u00e7\u00e3o e direito de leg\u00edtima defesa, exterminados, a bem da humanidade em geral e da P\u00e1tria em particular?<\/p>\n<p style=\"text-align: justify;\">A esquerda maldita, assassina e corrupta s\u00f3 causa nojo.<\/p>\n<p style=\"text-align: justify;\">At\u00e9 quando teremos que sustentar vagabundos e enriquecer corruptos?<\/p>\n<p style=\"text-align: center;\"><iframe loading=\"lazy\" src=\"\/\/www.youtube.com\/embed\/PuylmH5Q-hU\" width=\"560\" height=\"314\" allowfullscreen=\"allowfullscreen\"><\/iframe><\/p>\n<\/div>\n<div style=\"text-align: center;\">[<a href=\"javascript:history.go(-1)\">Voltar<\/a>]<\/div>\n","protected":false},"excerpt":{"rendered":"<p>A fac\u00e7\u00e3o criminosa, travestida de partido dos trabalhadores que n\u00e3o trabalham, atrav\u00e9s da sua base parlamentar, pede a pris\u00e3o do governador do Rio!<\/p>\n","protected":false},"author":1,"featured_media":0,"comment_status":"open","ping_status":"open","sticky":false,"template":"","format":"standard","meta":{"footnotes":""},"categories":[29],"tags":[],"class_list":["post-75637","post","type-post","status-publish","format-standard","hentry","category-politica"],"_links":{"self":[{"href":"https:\/\/antonini.psc.br\/index.php?rest_route=\/wp\/v2\/posts\/75637","targetHints":{"allow":["GET"]}}],"collection":[{"href":"https:\/\/antonini.psc.br\/index.php?rest_route=\/wp\/v2\/posts"}],"about":[{"href":"https:\/\/antonini.psc.br\/index.php?rest_route=\/wp\/v2\/types\/post"}],"author":[{"embeddable":true,"href":"https:\/\/antonini.psc.br\/index.php?rest_route=\/wp\/v2\/users\/1"}],"replies":[{"embeddable":true,"href":"https:\/\/antonini.psc.br\/index.php?rest_route=%2Fwp%2Fv2%2Fcomments&post=75637"}],"version-history":[{"count":1,"href":"https:\/\/antonini.psc.br\/index.php?rest_route=\/wp\/v2\/posts\/75637\/revisions"}],"predecessor-version":[{"id":75638,"href":"https:\/\/antonini.psc.br\/index.php?rest_route=\/wp\/v2\/posts\/75637\/revisions\/75638"}],"wp:attachment":[{"href":"https:\/\/antonini.psc.br\/index.php?rest_route=%2Fwp%2Fv2%2Fmedia&parent=75637"}],"wp:term":[{"taxonomy":"category","embeddable":true,"href":"https:\/\/antonini.psc.br\/index.php?rest_route=%2Fwp%2Fv2%2Fcategories&post=75637"},{"taxonomy":"post_tag","embeddable":true,"href":"https:\/\/antonini.psc.br\/index.php?rest_route=%2Fwp%2Fv2%2Ftags&post=75637"}],"curies":[{"name":"wp","href":"https:\/\/api.w.org\/{rel}","templated":true}]}}