{"id":75642,"date":"2025-10-27T19:05:44","date_gmt":"2025-10-27T19:05:44","guid":{"rendered":"https:\/\/antonini.psc.br\/?p=75642"},"modified":"2026-04-15T19:07:37","modified_gmt":"2026-04-15T19:07:37","slug":"quem-e-o-temido-el-poio-hugo-carvajal","status":"publish","type":"post","link":"https:\/\/antonini.psc.br\/?p=75642","title":{"rendered":"Quem \u00e9 o temido \u201cel poio\u201d Hugo Carvajal?"},"content":{"rendered":"<p style=\"text-align: justify;\">Apelidado de \u2018El Pollo\u2019, que pode ser traduzido por \u2018o frango\u2019, ele \u00e9 um general venezuelano, ex-bra\u00e7o direito de Hugo Ch\u00e1vez, oficialmente ex-chefe do servi\u00e7o de intelig\u00eancia bolivariana da Venezuela.<!--more--><\/p>\n<p style=\"text-align: justify;\">Na pr\u00e1tica, foi o chefe da log\u00edstica e das finan\u00e7as do tr\u00e1fico de drogas, cujo comandante em chefe \u00e9 o narcoditador Maduro, o putrefato amigo e comparsa de luiz beba\u00e7o luladr\u00e3o da silva, o min\u00fasculo, in\u00fatil e desprez\u00edvel que desgoverna o Brasil.<\/p>\n<p style=\"text-align: justify;\">Tal qual Marcelo Odebrecht e Antonio Palocci, que destro\u00e7aram o b\u00eabado, corrupto e analfabeto Lula no esc\u00e2ndalo do Petrol\u00e3o, \u2018El Pollo\u2019 Carvajal est\u00e1 destro\u00e7ando Luladr\u00e3o e toda a esquerda latino-americana no esc\u00e2ndalo do narcotr\u00e1fico internacional.<\/p>\n<p style=\"text-align: center;\"><video controls=\"controls\" width=\"560\" height=\"\"><source src=\"https:\/\/antonini.psc.br\/mp4\/4027.mp4\" type=\"video\/mp4\"\/><\/video><\/p>\n<p style=\"text-align: center;\">[<a href=\"javascript:history.go(-1)\">Voltar<\/a>]<\/p>\n","protected":false},"excerpt":{"rendered":"<p>Apelidado de \u2018El Pollo\u2019, que pode ser traduzido por \u2018o frango\u2019, ele \u00e9 um general venezuelano, ex-bra\u00e7o direito de Hugo Ch\u00e1vez, oficialmente ex-chefe do servi\u00e7o de intelig\u00eancia bolivariana da Venezuela.<\/p>\n","protected":false},"author":1,"featured_media":0,"comment_status":"open","ping_status":"open","sticky":false,"template":"","format":"standard","meta":{"footnotes":""},"categories":[29],"tags":[],"class_list":["post-75642","post","type-post","status-publish","format-standard","hentry","category-politica"],"_links":{"self":[{"href":"https:\/\/antonini.psc.br\/index.php?rest_route=\/wp\/v2\/posts\/75642","targetHints":{"allow":["GET"]}}],"collection":[{"href":"https:\/\/antonini.psc.br\/index.php?rest_route=\/wp\/v2\/posts"}],"about":[{"href":"https:\/\/antonini.psc.br\/index.php?rest_route=\/wp\/v2\/types\/post"}],"author":[{"embeddable":true,"href":"https:\/\/antonini.psc.br\/index.php?rest_route=\/wp\/v2\/users\/1"}],"replies":[{"embeddable":true,"href":"https:\/\/antonini.psc.br\/index.php?rest_route=%2Fwp%2Fv2%2Fcomments&post=75642"}],"version-history":[{"count":2,"href":"https:\/\/antonini.psc.br\/index.php?rest_route=\/wp\/v2\/posts\/75642\/revisions"}],"predecessor-version":[{"id":75644,"href":"https:\/\/antonini.psc.br\/index.php?rest_route=\/wp\/v2\/posts\/75642\/revisions\/75644"}],"wp:attachment":[{"href":"https:\/\/antonini.psc.br\/index.php?rest_route=%2Fwp%2Fv2%2Fmedia&parent=75642"}],"wp:term":[{"taxonomy":"category","embeddable":true,"href":"https:\/\/antonini.psc.br\/index.php?rest_route=%2Fwp%2Fv2%2Fcategories&post=75642"},{"taxonomy":"post_tag","embeddable":true,"href":"https:\/\/antonini.psc.br\/index.php?rest_route=%2Fwp%2Fv2%2Ftags&post=75642"}],"curies":[{"name":"wp","href":"https:\/\/api.w.org\/{rel}","templated":true}]}}