{"id":75683,"date":"2025-10-08T21:45:31","date_gmt":"2025-10-08T21:45:31","guid":{"rendered":"https:\/\/antonini.psc.br\/?p=75683"},"modified":"2026-04-15T23:45:41","modified_gmt":"2026-04-15T23:45:41","slug":"cff-aprova-normas-para-o-funcionamento-de-farmacias-moveis","status":"publish","type":"post","link":"https:\/\/antonini.psc.br\/?p=75683","title":{"rendered":"CFF aprova normas para o funcionamento de farm\u00e1cias m\u00f3veis"},"content":{"rendered":"<p style=\"text-align: justify;\">Enquanto o Conselho Federal de Farm\u00e1cia atua estritamente dentro de suas atribui\u00e7\u00f5es, que s\u00e3o inscrever os profissionais, normatizar e fiscalizar o exerc\u00edcio da profiss\u00e3o farmac\u00eautica, h\u00e1 conselhos que se metem em pautas ideol\u00f3gicas e pol\u00edticas e permitem que qualquer um, mesmo sem qualifica\u00e7\u00e3o e compet\u00eancia legal (o diploma), exer\u00e7a a profiss\u00e3o.<!--more--><\/p>\n<p style=\"text-align: justify;\"><strong>Saiba mais:<\/strong><\/p>\n<ul>\n<li><a href=\"?p=36878\">A pedagogia do C* que o cachaceiro e analfabeto lula quer implantar no Brasil<\/a><\/li>\n<li><a href=\"?p=75685\">Conselho de psicologia diz que aprova\u00e7\u00e3o de \u2018cura gay\u2019 \u00e9 \u2018triste para hist\u00f3ria brasileira<\/a><\/li>\n<li><a href=\"?p=31217\">Conselhos de psicologia preocupados com pautas que n\u00e3o interessam \u00e0 sociedade<\/a><\/li>\n<li><a href=\"?p=15785\">Conselho Federal de Psicologia repudia as declara\u00e7\u00f5es de Silas Malafaia<\/a><\/li>\n<li><a href=\"?p=27036\">Conselho regional de psicologia apoia a descriminaliza\u00e7\u00e3o do aborto?<\/a><\/li>\n<li><a href=\"?p=74544\">Hoje, 27 de agosto, \u00e9 dia do psic\u00f3logo<\/a><\/li>\n<li><a href=\"?p=28177\">Os conselhos regionais e federal de psicologia deviam atentar mais para isso (recebido via WhatsApp)<\/a><\/li>\n<li><a href=\"?p=72755\">Terap\u00eauta hol\u00edtica vibracional radiestesista\u2026<\/a><\/li>\n<li><a href=\"?p=74503\">Vereadora de Curitiba faz apologia ao uso de drogas abuso<\/a><\/li>\n<\/ul>\n<p style=\"text-align: center;\">[<a href=\"javascript:history.go(-1)\">Voltar<\/a>]<\/p>\n","protected":false},"excerpt":{"rendered":"<p>Enquanto o Conselho Federal de Farm\u00e1cia atua estritamente dentro de suas atribui\u00e7\u00f5es, que s\u00e3o inscrever os profissionais, normatizar e fiscalizar o exerc\u00edcio da profiss\u00e3o farmac\u00eautica, h\u00e1 conselhos que se metem em pautas ideol\u00f3gicas e pol\u00edticas e permitem que qualquer um, &hellip; <a href=\"https:\/\/antonini.psc.br\/?p=75683\">Continue lendo <span class=\"meta-nav\">&rarr;<\/span><\/a><\/p>\n","protected":false},"author":1,"featured_media":0,"comment_status":"open","ping_status":"open","sticky":false,"template":"","format":"standard","meta":{"footnotes":""},"categories":[124,122],"tags":[],"class_list":["post-75683","post","type-post","status-publish","format-standard","hentry","category-saude","category-saude-mental"],"_links":{"self":[{"href":"https:\/\/antonini.psc.br\/index.php?rest_route=\/wp\/v2\/posts\/75683","targetHints":{"allow":["GET"]}}],"collection":[{"href":"https:\/\/antonini.psc.br\/index.php?rest_route=\/wp\/v2\/posts"}],"about":[{"href":"https:\/\/antonini.psc.br\/index.php?rest_route=\/wp\/v2\/types\/post"}],"author":[{"embeddable":true,"href":"https:\/\/antonini.psc.br\/index.php?rest_route=\/wp\/v2\/users\/1"}],"replies":[{"embeddable":true,"href":"https:\/\/antonini.psc.br\/index.php?rest_route=%2Fwp%2Fv2%2Fcomments&post=75683"}],"version-history":[{"count":3,"href":"https:\/\/antonini.psc.br\/index.php?rest_route=\/wp\/v2\/posts\/75683\/revisions"}],"predecessor-version":[{"id":75694,"href":"https:\/\/antonini.psc.br\/index.php?rest_route=\/wp\/v2\/posts\/75683\/revisions\/75694"}],"wp:attachment":[{"href":"https:\/\/antonini.psc.br\/index.php?rest_route=%2Fwp%2Fv2%2Fmedia&parent=75683"}],"wp:term":[{"taxonomy":"category","embeddable":true,"href":"https:\/\/antonini.psc.br\/index.php?rest_route=%2Fwp%2Fv2%2Fcategories&post=75683"},{"taxonomy":"post_tag","embeddable":true,"href":"https:\/\/antonini.psc.br\/index.php?rest_route=%2Fwp%2Fv2%2Ftags&post=75683"}],"curies":[{"name":"wp","href":"https:\/\/api.w.org\/{rel}","templated":true}]}}