{"id":75721,"date":"2025-09-16T00:17:34","date_gmt":"2025-09-16T00:17:34","guid":{"rendered":"https:\/\/antonini.psc.br\/?p=75721"},"modified":"2026-04-16T00:19:04","modified_gmt":"2026-04-16T00:19:04","slug":"o-cumulo-do-escarnio-e-do-racismo","status":"publish","type":"post","link":"https:\/\/antonini.psc.br\/?p=75721","title":{"rendered":"O c\u00famulo do esc\u00e1rnio e do racismo"},"content":{"rendered":"<p style=\"text-align: justify;\">Fundo Nacional de Repara\u00e7\u00e3o Econ\u00f4mica e de Promo\u00e7\u00e3o da Igualdade Racial\u2026 O que \u00e9 isso?<!--more--><\/p>\n<p style=\"text-align: justify;\">Repara\u00e7\u00e3o racial pelo qu\u00ea? Pela escravid\u00e3o negra no Brasil? Acho que tem gente precisando de tratamento mental urgente ou voltar para a escola e estudar melhor a hist\u00f3ria da humanidade.<\/p>\n<p style=\"text-align: justify;\">Ser\u00e1 que teremos que passar a vida repetindo que n\u00e3o foi o branco que escravizou o negro, mas o pr\u00f3prio negro quem escravizou seus cong\u00eaneres em suas lutas tribais e os vendeu aos brancos nas costas da \u00c1frica, que os salvaram da morte certa, pois aqueles que n\u00e3o foram vendidos foram mortos? Ser\u00e1 que precisaremos presentear os defensores dessa ideia estapaf\u00fardia com um bom livro de hist\u00f3ria?<\/p>\n<p style=\"text-align: center;\"><video controls=\"controls\" width=\"560\" height=\"x\"><source src=\"https:\/\/antonini.psc.br\/mp4\/1700.mp4\" type=\"video\/mp4\"\/><\/video><\/p>\n<p style=\"text-align: justify;\">Com todo o respeito ao parlamento, mas o Brasil n\u00e3o precisa de mais fomento ao racismo al\u00e9m do que j\u00e1 est\u00e1 segregando a sociedade, causando conflitos e colocando os negros sob s\u00e9rio risco de desemprego.<\/p>\n<p style=\"text-align: justify;\">O dinheiro que ser\u00e1 destinado a essa vergonhosa e indevida repara\u00e7\u00e3o racial far\u00e1 falta a outras despesas fundamentais e obrigat\u00f3rias estabelecidas pela Constitui\u00e7\u00e3o Federal e, como a maioria esmagadora dos fundos criados nessa republiqueta bandalheira, poder\u00e1 acabar nos bolsos dos corruptos de sempre.<\/p>\n<p style=\"text-align: justify;\">Conhe\u00e7a mais esse absurdo racista <a href=\"https:\/\/www.camara.leg.br\/noticias\/1200715-em-meio-a-mobilizacao-de-movimentos-negros,-comissao-inicia-analise-de-fundo-para-igualdade-racial\" target=\"_blank\" rel=\"noopener\">aqui<\/a><\/p>\n<p style=\"text-align: center;\">[<a href=\"javascript:history.go(-1)\">Voltar<\/a>]<\/p>\n","protected":false},"excerpt":{"rendered":"<p>Fundo Nacional de Repara\u00e7\u00e3o Econ\u00f4mica e de Promo\u00e7\u00e3o da Igualdade Racial\u2026 O que \u00e9 isso?<\/p>\n","protected":false},"author":1,"featured_media":0,"comment_status":"open","ping_status":"open","sticky":false,"template":"","format":"standard","meta":{"footnotes":""},"categories":[29],"tags":[],"class_list":["post-75721","post","type-post","status-publish","format-standard","hentry","category-politica"],"_links":{"self":[{"href":"https:\/\/antonini.psc.br\/index.php?rest_route=\/wp\/v2\/posts\/75721","targetHints":{"allow":["GET"]}}],"collection":[{"href":"https:\/\/antonini.psc.br\/index.php?rest_route=\/wp\/v2\/posts"}],"about":[{"href":"https:\/\/antonini.psc.br\/index.php?rest_route=\/wp\/v2\/types\/post"}],"author":[{"embeddable":true,"href":"https:\/\/antonini.psc.br\/index.php?rest_route=\/wp\/v2\/users\/1"}],"replies":[{"embeddable":true,"href":"https:\/\/antonini.psc.br\/index.php?rest_route=%2Fwp%2Fv2%2Fcomments&post=75721"}],"version-history":[{"count":1,"href":"https:\/\/antonini.psc.br\/index.php?rest_route=\/wp\/v2\/posts\/75721\/revisions"}],"predecessor-version":[{"id":75722,"href":"https:\/\/antonini.psc.br\/index.php?rest_route=\/wp\/v2\/posts\/75721\/revisions\/75722"}],"wp:attachment":[{"href":"https:\/\/antonini.psc.br\/index.php?rest_route=%2Fwp%2Fv2%2Fmedia&parent=75721"}],"wp:term":[{"taxonomy":"category","embeddable":true,"href":"https:\/\/antonini.psc.br\/index.php?rest_route=%2Fwp%2Fv2%2Fcategories&post=75721"},{"taxonomy":"post_tag","embeddable":true,"href":"https:\/\/antonini.psc.br\/index.php?rest_route=%2Fwp%2Fv2%2Ftags&post=75721"}],"curies":[{"name":"wp","href":"https:\/\/api.w.org\/{rel}","templated":true}]}}