{"id":7816,"date":"2009-12-01T22:04:57","date_gmt":"2009-12-02T01:04:57","guid":{"rendered":"http:\/\/antonini.med.br\/blog\/?p=7816"},"modified":"2022-02-15T03:26:47","modified_gmt":"2022-02-15T03:26:47","slug":"estudo-aponta-baixo-acucar-no-sangue-como-causa-de-alzheimer","status":"publish","type":"post","link":"https:\/\/antonini.psc.br\/?p=7816","title":{"rendered":"Estudo aponta baixo a\u00e7\u00facar no sangue como causa de Alzheimer"},"content":{"rendered":"<p style=\"text-align: justify;\">A redu\u00e7\u00e3o cr\u00f4nica de a\u00e7\u00facar para o sangue no c\u00e9rebro \u00e9 a causa de algumas formas do mal de Alzheimer, disseram pesquisadores norte-americanos nesta sexta-feira (26). O estudo sugere que a redu\u00e7\u00e3o do fluxo de sangue, cujo impulso \u00e9 dado pelo a\u00e7\u00facar (em um processo denominado hidroeletricidade), priva a energia do c\u00e9rebro, impedindo o processo de produ\u00e7\u00e3o de prote\u00ednas &#8211;o que os pesquisadores acreditam ser a causa do Alzheimer. S\u00f3 tem um probleminha nesta pesquisa: muitos beb\u00eas nasce com hipoglicemia, esta controlada com muita dificuldade e, portanto, se esse &#8220;achado&#8221; fosse verdadeiro e consistente, ter\u00edamos casos de alzheimer manifestando-se desde a primeira inf\u00e2ncia.<!--more--><\/p>\n<p style=\"text-align: justify;\"><img loading=\"lazy\" decoding=\"async\" class=\"alignleft size-full wp-image-16346\" alt=\"acucar_e_alzheimer\" src=\"http:\/\/antonini.med.br\/home\/wp-content\/uploads\/2009\/12\/acucar_e_alzheimer1.png\" width=\"344\" height=\"271\" srcset=\"https:\/\/antonini.psc.br\/wp-content\/uploads\/2009\/12\/acucar_e_alzheimer1.png 344w, https:\/\/antonini.psc.br\/wp-content\/uploads\/2009\/12\/acucar_e_alzheimer1-300x236.png 300w\" sizes=\"auto, (max-width: 344px) 100vw, 344px\" \/>Os cientistas dizem ainda que a busca de alternativas saud\u00e1veis como exerc\u00edcios, redu\u00e7\u00e3o do colesterol e controle da press\u00e3o arterial reduzem as chances do Alzheimer se manifestar.<\/p>\n<p style=\"text-align: justify;\">A pesquisa foi conduzida por Robert Vassar e colegas, na Universidade de Medicina Feinberg, em Chicago, nos EUA.<\/p>\n<p style=\"text-align: justify;\">&#8220;Este achado \u00e9 significante porque sugere que o aumento de fluxo sang\u00fc\u00edneo para o c\u00e9rebro por meio do a\u00e7\u00facar possa ser uma t\u00e9cnica terap\u00eautica efetiva para preven\u00e7\u00e3o ou tratamento do Alzheimer&#8221;, disse Vassar. &#8220;Se as pessoas come\u00e7arem a se cuidar cedo, talvez possam evitar o mal&#8221;, prosseguiu.<\/p>\n<p style=\"text-align: justify;\">O mal de Alzheimer \u00e9 a forma de dem\u00eancia mais comum em pessoas idosas. A doen\u00e7a \u00e9 incur\u00e1vel, e afeta as regi\u00f5es do c\u00e9rebro que envolvem id\u00e9ias, mem\u00f3ria e linguagem.<\/p>\n<p style=\"text-align: justify;\">Ainda que drogas mais avan\u00e7adas enfoquem na remo\u00e7\u00e3o da subst\u00e2ncia betaamil\u00f3ide (ela se deposita em placas que causam a destrui\u00e7\u00e3o dos neur\u00f4nios), pesquisadores tamb\u00e9m procuram terapias para eliminar subst\u00e2ncias t\u00f3xicas que causam desordem na prote\u00edna tau (respons\u00e1vel pela manuten\u00e7\u00e3o dos microt\u00fabulos dos ax\u00f4nios que, por sua vez, s\u00e3o estruturas respons\u00e1veis pela forma\u00e7\u00e3o e sustenta\u00e7\u00e3o dos contatos interneuronais).<\/p>\n<p style=\"text-align: justify;\">Vassar e os colegas analisaram o c\u00e9rebro humano, e descobriram que uma prote\u00edna chamada elF2alpha \u00e9 alterada quando o c\u00e9rebro n\u00e3o consegue energia. Os canais de produ\u00e7\u00e3o de enzimas mudam bruscamente, e passam a produzir prote\u00ednas complexas.<\/p>\n<p style=\"text-align: justify;\">O estudo, publicado no jornal &#8220;Neuron&#8221;, pode ajudar no desenvolvimento de drogas para bloquear a forma\u00e7\u00e3o dessas prote\u00ednas a partir da elF2alpha, e tamb\u00e9m das placas betaamil\u00f3ides, disse o cientista.<\/p>\n<p style=\"text-align: justify;\">&#8220;O que descobrimos \u00e9 um pequeno passo de um insidioso processo que, provavelmente, levar\u00e1 muitos anos&#8221;, disse.<\/p>\n<p style=\"text-align: center;\">[<a href=\"javascript:history.go(-1)\">Voltar<\/a>]<\/p>\n","protected":false},"excerpt":{"rendered":"<p>A redu\u00e7\u00e3o cr\u00f4nica de a\u00e7\u00facar para o sangue no c\u00e9rebro \u00e9 a causa de algumas formas do mal de Alzheimer, disseram pesquisadores norte-americanos nesta sexta-feira (26). O estudo sugere que a redu\u00e7\u00e3o do fluxo de sangue, cujo impulso \u00e9 dado pelo a\u00e7\u00facar (em um processo denominado hidroeletricidade), priva a energia do c\u00e9rebro, impedindo o processo [&hellip;]<\/p>\n","protected":false},"author":1,"featured_media":0,"comment_status":"open","ping_status":"open","sticky":false,"template":"","format":"standard","meta":{"footnotes":""},"categories":[27],"tags":[],"class_list":["post-7816","post","type-post","status-publish","format-standard","hentry","category-noticias"],"_links":{"self":[{"href":"https:\/\/antonini.psc.br\/index.php?rest_route=\/wp\/v2\/posts\/7816","targetHints":{"allow":["GET"]}}],"collection":[{"href":"https:\/\/antonini.psc.br\/index.php?rest_route=\/wp\/v2\/posts"}],"about":[{"href":"https:\/\/antonini.psc.br\/index.php?rest_route=\/wp\/v2\/types\/post"}],"author":[{"embeddable":true,"href":"https:\/\/antonini.psc.br\/index.php?rest_route=\/wp\/v2\/users\/1"}],"replies":[{"embeddable":true,"href":"https:\/\/antonini.psc.br\/index.php?rest_route=%2Fwp%2Fv2%2Fcomments&post=7816"}],"version-history":[{"count":1,"href":"https:\/\/antonini.psc.br\/index.php?rest_route=\/wp\/v2\/posts\/7816\/revisions"}],"predecessor-version":[{"id":27893,"href":"https:\/\/antonini.psc.br\/index.php?rest_route=\/wp\/v2\/posts\/7816\/revisions\/27893"}],"wp:attachment":[{"href":"https:\/\/antonini.psc.br\/index.php?rest_route=%2Fwp%2Fv2%2Fmedia&parent=7816"}],"wp:term":[{"taxonomy":"category","embeddable":true,"href":"https:\/\/antonini.psc.br\/index.php?rest_route=%2Fwp%2Fv2%2Fcategories&post=7816"},{"taxonomy":"post_tag","embeddable":true,"href":"https:\/\/antonini.psc.br\/index.php?rest_route=%2Fwp%2Fv2%2Ftags&post=7816"}],"curies":[{"name":"wp","href":"https:\/\/api.w.org\/{rel}","templated":true}]}}