{"id":7826,"date":"2009-12-01T22:17:10","date_gmt":"2009-12-02T01:17:10","guid":{"rendered":"http:\/\/antonini.med.br\/blog\/?p=7826"},"modified":"2022-02-15T03:26:47","modified_gmt":"2022-02-15T03:26:47","slug":"cereal-para-crianca-tem-sodio-e-acucar-demais-diz-pesquisa","status":"publish","type":"post","link":"https:\/\/antonini.psc.br\/?p=7826","title":{"rendered":"Cereal para crian\u00e7a tem s\u00f3dio e a\u00e7\u00facar demais, diz pesquisa"},"content":{"rendered":"<p><span style=\"color: #035d8a; font-size: xx-small;\"><span style=\"color: #000000; font-size: x-small;\"> <\/span><\/span><\/p>\n<div style=\"text-align: justify;\">Isso j\u00e1 \u00e9 sabido h\u00e1 muito tempo e comprovado estat\u00edsticamente, pois basta ver o n\u00famero crescente de crian\u00e7as v\u00edtimas de aneurisma e outras doen\u00e7as vasculares graves que morrem nas UTIs pedi\u00e1tricas dos grandes hospitais do Brasil.<span><span><!--more--><\/span><\/span><\/div>\n<div style=\"text-align: justify;\"><strong>CL\u00c1UDIA COLLUCCI<br \/>\nBRUNA SANIELE<\/strong><br \/>\nDA REPORTAGEM LOCAL<\/p>\n<p>Pro Teste analisou 18 produtos com maior presen\u00e7a no mercado de alimentos infantis.<\/p>\n<p>Um outro problema apontado \u00e9 a falta de adequa\u00e7\u00e3o da tabela nutricional \u00e0 faixa et\u00e1ria a que o produto se destina.<\/p>\n<p>Teste com 18 cereais matinais de maior presen\u00e7a no mercado de alimentos infantis mostra que a maioria dos produtos cont\u00eam a\u00e7\u00facar e s\u00f3dio em excesso e poucas fibras. A avalia\u00e7\u00e3o foi feita pela Pro Teste (Associa\u00e7\u00e3o Brasileira de Defesa do Consumidor).<\/p>\n<p>Uma por\u00e7\u00e3o de 30 gramas de sucrilhos de chocolate da Kellogg&#8217;s (uma tigelinha), por exemplo, tem 205 mg de s\u00f3dio.<\/p>\n<p>Uma crian\u00e7a de um a tr\u00eas anos deve consumir, por dia, no m\u00e1ximo 225 mg desse mineral -ou seja, uma \u00fanica por\u00e7\u00e3o equivale a 90% das suas necessidades di\u00e1rias. Para um adulto, essa quantidade de s\u00f3dio representa 10% das necessidades.<\/p>\n<p>Na avalia\u00e7\u00e3o da Pro Teste, todos os cereais matinais tamb\u00e9m t\u00eam a\u00e7\u00facar em excesso -de 5,5 a 13 gramas por por\u00e7\u00e3o.<\/p>\n<p>De acordo com a OMS (Organiza\u00e7\u00e3o Mundial da Sa\u00fade), o ideal \u00e9 que uma crian\u00e7a de at\u00e9 tr\u00eas anos consuma, no m\u00e1ximo, 14 gramas por dia de a\u00e7\u00facar.<\/p>\n<p>Uma por\u00e7\u00e3o do sucrilho sabor banana, por exemplo, tem quase toda a quantidade di\u00e1ria de a\u00e7\u00facar recomendada para uma crian\u00e7a nessa faixa et\u00e1ria.<\/p>\n<p>Presente no sal e base para conservantes, o s\u00f3dio em excesso est\u00e1 ligado \u00e0 hipertens\u00e3o arterial e a problemas renais. J\u00e1 muito a\u00e7\u00facar tem rela\u00e7\u00e3o com obesidade e diabetes tipo 2.<\/p>\n<p><strong>Fibras<\/strong><br \/>\nDos cereais analisados, dez marcas apresentaram menos de tr\u00eas gramas de fibras para cada 100 gramas do produto -tr\u00eas gramas \u00e9 a quantidade m\u00ednima para um alimento ser considerado fonte de fibra. Os cereais Corn Flakes (todos os sabores) e Chokos tiveram o pior desempenho no teste: possuem menos de 0,01% de fibra, ou seja, praticamente nada.<\/p>\n<p>Um outro problema apontado pela Pro Teste -que envolve os cereais analisados e a maior parte de alimentos consumidos pelo p\u00fablico infantil- \u00e9 a falta de adequa\u00e7\u00e3o da tabela nutricional \u00e0 faixa et\u00e1ria a que o produto se destina.<\/p>\n<p>A pesquisadora de alimentos da Pro Teste, Fernanda Ribeiro, explica que o percentual di\u00e1rio recomendado de cada nutriente \u00e9 calculado para uma dieta de 2.000 quilocalorias, que corresponde \u00e0 necessidade cal\u00f3rica de um adulto, n\u00e3o de uma crian\u00e7a.<\/p>\n<p>A dieta de uma crian\u00e7a de um a tr\u00eas anos, por exemplo, deve ser de 1.050 calorias, segundo a Anvisa (Ag\u00eancia Nacional de Vigil\u00e2ncia Sanit\u00e1ria). De quatro a seis anos, esse valor sobe para 1.450 e, de sete a dez anos, para 1.750. &#8220;O ideal seria que essas informa\u00e7\u00f5es fossem apresentadas de acordo com a faixa et\u00e1ria. Seria muito mais \u00fatil aos pais&#8221;, avalia a pesquisadora.<\/p>\n<p><strong>&#8220;Isopor food&#8221;<\/strong><br \/>\nO nutr\u00f3logo e cardiologista Daniel Magnoni orienta que as pessoas escolham o cereal matinal pelo menor \u00edndice de s\u00f3dio e a\u00e7\u00facar e maior presen\u00e7a de fibras sol\u00faveis. &#8220;O ideal \u00e9 misturar com um iogurte light, enriquecido com c\u00e1lcio, e muita fruta&#8221;, diz ele.<\/p>\n<p>Para Magnoni, os pais n\u00e3o devem se impressionar pelas vitaminas e sais minerais contidos no r\u00f3tulo dos produtos. &#8220;Isso a crian\u00e7a consegue por outras fontes. O que n\u00e3o pode \u00e9 ficar comendo essa quantidade de s\u00f3dio e a\u00e7\u00facar e quase nenhuma fibra. Isso \u00e9 o que chamamos de &#8220;isopor food&#8221;, cuja \u00fanica fun\u00e7\u00e3o \u00e9 aumentar as taxas de obesidade infantil.&#8221;<\/p>\n<p>A nutricionista Madalena Vallinoti afirma que muitas vezes os pais utilizam o cereal como alternativa para que a crian\u00e7a consuma leite. &#8220;Os pais devem evitar o consumo exagerado desses cereais, mas tamb\u00e9m n\u00e3o podem proibi-lo caso a crian\u00e7a goste do produto. Deve haver modera\u00e7\u00e3o.&#8221;<\/p>\n<p>De acordo com o pediatra e professor da Faculdade de Medicina da USP, M\u00e1rio C\u00edcero Falc\u00e3o, o brasileiro consome muito a\u00e7\u00facar e os pais educam a crian\u00e7a a gostar do alimento muito doce. &#8220;O cereal que a crian\u00e7a mais gosta \u00e9 aquele com mais a\u00e7\u00facar. \u00c9 a conjun\u00e7\u00e3o do paladar brasileiro com a ind\u00fastria&#8221;, afirma Falc\u00e3o.<\/p>\n<p>Na opini\u00e3o do pediatra, os brindes distribu\u00eddos com os cereais impulsionam o consumo. &#8220;Os brindes s\u00e3o uma grande arma anti\u00e9tica. Tem sempre o alimento processado, com valor biol\u00f3gico inferior e pouco nutriente acompanhado do brinde. Por que n\u00e3o vender uma ma\u00e7\u00e3 com o personagem da moda?&#8221;<\/p><\/div>\n<p style=\"text-align: center;\">[<a href=\"javascript:history.go(-1)\">Voltar<\/a>]<\/p>\n","protected":false},"excerpt":{"rendered":"<p>Isso j\u00e1 \u00e9 sabido h\u00e1 muito tempo e comprovado estat\u00edsticamente, pois basta ver o n\u00famero crescente de crian\u00e7as v\u00edtimas de aneurisma e outras doen\u00e7as vasculares graves que morrem nas UTIs pedi\u00e1tricas dos grandes hospitais do Brasil.<\/p>\n","protected":false},"author":1,"featured_media":0,"comment_status":"open","ping_status":"open","sticky":false,"template":"","format":"standard","meta":{"footnotes":""},"categories":[27],"tags":[],"class_list":["post-7826","post","type-post","status-publish","format-standard","hentry","category-noticias"],"_links":{"self":[{"href":"https:\/\/antonini.psc.br\/index.php?rest_route=\/wp\/v2\/posts\/7826","targetHints":{"allow":["GET"]}}],"collection":[{"href":"https:\/\/antonini.psc.br\/index.php?rest_route=\/wp\/v2\/posts"}],"about":[{"href":"https:\/\/antonini.psc.br\/index.php?rest_route=\/wp\/v2\/types\/post"}],"author":[{"embeddable":true,"href":"https:\/\/antonini.psc.br\/index.php?rest_route=\/wp\/v2\/users\/1"}],"replies":[{"embeddable":true,"href":"https:\/\/antonini.psc.br\/index.php?rest_route=%2Fwp%2Fv2%2Fcomments&post=7826"}],"version-history":[{"count":1,"href":"https:\/\/antonini.psc.br\/index.php?rest_route=\/wp\/v2\/posts\/7826\/revisions"}],"predecessor-version":[{"id":27891,"href":"https:\/\/antonini.psc.br\/index.php?rest_route=\/wp\/v2\/posts\/7826\/revisions\/27891"}],"wp:attachment":[{"href":"https:\/\/antonini.psc.br\/index.php?rest_route=%2Fwp%2Fv2%2Fmedia&parent=7826"}],"wp:term":[{"taxonomy":"category","embeddable":true,"href":"https:\/\/antonini.psc.br\/index.php?rest_route=%2Fwp%2Fv2%2Fcategories&post=7826"},{"taxonomy":"post_tag","embeddable":true,"href":"https:\/\/antonini.psc.br\/index.php?rest_route=%2Fwp%2Fv2%2Ftags&post=7826"}],"curies":[{"name":"wp","href":"https:\/\/api.w.org\/{rel}","templated":true}]}}