{"id":7854,"date":"2009-12-01T22:36:21","date_gmt":"2009-12-02T01:36:21","guid":{"rendered":"http:\/\/antonini.med.br\/blog\/?p=7854"},"modified":"2022-02-15T03:26:47","modified_gmt":"2022-02-15T03:26:47","slug":"estudo-sugere-que-antidepressivos-podem-afetar-direcao","status":"publish","type":"post","link":"https:\/\/antonini.psc.br\/?p=7854","title":{"rendered":"Estudo sugere que antidepressivos podem afetar dire\u00e7\u00e3o"},"content":{"rendered":"<p style=\"text-align: justify;\">Em um estudo aplicado a uma amostragem limitada, pesquisadores da Universidade de Dakota do Norte submeteram 60 pessoas a testes simulados de dire\u00e7\u00e3o, concentra\u00e7\u00e3o e rea\u00e7\u00e3o, e observaram que as que haviam tomado doses altas de antidepressivos demonstraram menos habilidade ao volante.<!--more--><\/p>\n<p style=\"text-align: justify;\">Mas os cientistas disseram que estudos mais amplos s\u00e3o necess\u00e1rios para determinar se a habilidade foi prejudicada por conta da medica\u00e7\u00e3o ou pela depress\u00e3o em si.<\/p>\n<p style=\"text-align: justify;\">Os participantes foram divididos em dois grupos &#8211; aqueles que estavam tomando medica\u00e7\u00e3o e aqueles que n\u00e3o estavam.<\/p>\n<p style=\"text-align: justify;\">Eles foram colocados diante de situa\u00e7\u00f5es comuns ao volante, para testar habilidades como reagir a uma freada do carro \u00e0 frente, parar em sem\u00e1foros e obedecer a sinais de tr\u00e2nsito.<\/p>\n<p style=\"text-align: justify;\">Os motoristas que n\u00e3o haviam tomado medica\u00e7\u00e3o obtiveram uma pontua\u00e7\u00e3o m\u00e9dia de 69 pontos, contra 65 daqueles que estavam tomando medica\u00e7\u00e3o em baixas doses e 54 daqueles que tomavam altas doses de antidepressivos.<\/p>\n<p style=\"text-align: justify;\"><strong>Concentra\u00e7\u00e3o<\/strong><\/p>\n<p style=\"text-align: justify;\">Os resultados foram apresentados na conven\u00e7\u00e3o anual da American Psychological Association.<\/p>\n<p style=\"text-align: justify;\">A cientista que coordenou o estudo, a psic\u00f3loga Holly Dannewitz, disse que, embora novos trabalhos sejam necess\u00e1rios para determinar com precis\u00e3o a influ\u00eancia dos medicamentos sobre a capacidade de dire\u00e7\u00e3o, \u201ccertamente parece haver algum tipo de liga\u00e7\u00e3o\u201d entre as duas coisas.<\/p>\n<p style=\"text-align: justify;\">\u201cCreio que quem est\u00e1 deprimido, especialmente se estiver sob tratamento com antidepressivos, deve estar ciente disto se estiver dirigindo ou fazendo qualquer outra coisa que requer concentra\u00e7\u00e3o e capacidade de rea\u00e7\u00e3o\u201d, afirmou.<\/p>\n<p style=\"text-align: justify;\">Na Gr\u00e3-Bretanha, onde os motoristas devem informar as autoridades de tr\u00e2nsito de qualquer condi\u00e7\u00e3o m\u00e9dica capaz de reduzir a habilidade de dirigir, como epilepsia e infarto, a depress\u00e3o n\u00e3o faz parte da lista de potenciais obst\u00e1culos \u00e0 dire\u00e7\u00e3o.<\/p>\n<p style=\"text-align: justify;\">\u201cA depress\u00e3o pode afetar as pessoas de muitas maneiras diferentes, mas um dos sintomas comuns \u00e9 a dificuldade de concentra\u00e7\u00e3o\u201d, a porta-voz da organiza\u00e7\u00e3o Mind, dedicada a temas envolvendo a sa\u00fade mental.<\/p>\n<p style=\"text-align: justify;\">\u201cMas \u00e9 importante dizer que todo mundo tem altos e baixos de concentra\u00e7\u00e3o e de tempos de rea\u00e7\u00e3o, e um per\u00edodo de depress\u00e3o n\u00e3o significa que voc\u00ea \u00e9 um perigo sobre rodas.\u201d<\/p>\n<p style=\"text-align: justify;\">Fonte: BBC Brasil<\/p>\n<p style=\"text-align: center;\">[<a href=\"javascript:history.go(-1)\">Voltar<\/a>]<\/p>\n","protected":false},"excerpt":{"rendered":"<p>Em um estudo aplicado a uma amostragem limitada, pesquisadores da Universidade de Dakota do Norte submeteram 60 pessoas a testes simulados de dire\u00e7\u00e3o, concentra\u00e7\u00e3o e rea\u00e7\u00e3o, e observaram que as que haviam tomado doses altas de antidepressivos demonstraram menos habilidade ao volante.<\/p>\n","protected":false},"author":1,"featured_media":0,"comment_status":"open","ping_status":"open","sticky":false,"template":"","format":"standard","meta":{"footnotes":""},"categories":[27],"tags":[],"class_list":["post-7854","post","type-post","status-publish","format-standard","hentry","category-noticias"],"_links":{"self":[{"href":"https:\/\/antonini.psc.br\/index.php?rest_route=\/wp\/v2\/posts\/7854","targetHints":{"allow":["GET"]}}],"collection":[{"href":"https:\/\/antonini.psc.br\/index.php?rest_route=\/wp\/v2\/posts"}],"about":[{"href":"https:\/\/antonini.psc.br\/index.php?rest_route=\/wp\/v2\/types\/post"}],"author":[{"embeddable":true,"href":"https:\/\/antonini.psc.br\/index.php?rest_route=\/wp\/v2\/users\/1"}],"replies":[{"embeddable":true,"href":"https:\/\/antonini.psc.br\/index.php?rest_route=%2Fwp%2Fv2%2Fcomments&post=7854"}],"version-history":[{"count":1,"href":"https:\/\/antonini.psc.br\/index.php?rest_route=\/wp\/v2\/posts\/7854\/revisions"}],"predecessor-version":[{"id":27886,"href":"https:\/\/antonini.psc.br\/index.php?rest_route=\/wp\/v2\/posts\/7854\/revisions\/27886"}],"wp:attachment":[{"href":"https:\/\/antonini.psc.br\/index.php?rest_route=%2Fwp%2Fv2%2Fmedia&parent=7854"}],"wp:term":[{"taxonomy":"category","embeddable":true,"href":"https:\/\/antonini.psc.br\/index.php?rest_route=%2Fwp%2Fv2%2Fcategories&post=7854"},{"taxonomy":"post_tag","embeddable":true,"href":"https:\/\/antonini.psc.br\/index.php?rest_route=%2Fwp%2Fv2%2Ftags&post=7854"}],"curies":[{"name":"wp","href":"https:\/\/api.w.org\/{rel}","templated":true}]}}