{"id":7859,"date":"2009-12-01T22:40:01","date_gmt":"2009-12-02T01:40:01","guid":{"rendered":"http:\/\/antonini.med.br\/blog\/?p=7859"},"modified":"2022-02-15T03:26:47","modified_gmt":"2022-02-15T03:26:47","slug":"dilemas-da-gravidez-2","status":"publish","type":"post","link":"https:\/\/antonini.psc.br\/?p=7859","title":{"rendered":"Dilemas da gravidez"},"content":{"rendered":"<p style=\"text-align: justify;\">Tinturas de cabelo e outros cosm\u00e9ticos devem ser usados com cuidado durante a gesta\u00e7\u00e3o.<!--more--><\/p>\n<p style=\"text-align: justify;\"><strong>IARA BIDERMAN<\/strong><br \/>\nCOLABORA\u00c7\u00c3O PARA A FOLHA<\/p>\n<p style=\"text-align: justify;\">Com o corpo em profunda transforma\u00e7\u00e3o e a cabe\u00e7a tomada de d\u00favidas -pr\u00e1ticas e filos\u00f3ficas- sobre a chegada do beb\u00ea, muitas gr\u00e1vidas se deparam com novas quest\u00f5es ao cuidar da beleza: como prevenir manchas e estrias? A celulite aumenta na gravidez? Os cosm\u00e9ticos fazem mal ao feto?<\/p>\n<p style=\"text-align: justify;\">&#8220;Existe muito pouca evid\u00eancia da seguran\u00e7a de utiliza\u00e7\u00e3o de produtos em gestantes&#8221;, afirma a dermatologista Fl\u00e1via Addor, diretora da SBD (Sociedade Brasileira de Dermatologia) Regional S\u00e3o Paulo. Isso porque as subst\u00e2ncias n\u00e3o s\u00e3o testadas em gr\u00e1vidas por n\u00e3o ser poss\u00edvel controlar efeitos adversos no feto. O que h\u00e1 s\u00e3o estudos realizados com animais, e as subst\u00e2ncias que mostraram evid\u00eancia de risco s\u00e3o contra-indicadas.<\/p>\n<p style=\"text-align: justify;\">Quando um produto \u00e9 classificado como cosm\u00e9tico, geralmente a absor\u00e7\u00e3o e a concentra\u00e7\u00e3o dos princ\u00edpios ativos s\u00e3o pequenas, diminuindo os riscos. &#8220;Mas, na d\u00favida, \u00e9 melhor evitar&#8221;, diz Davi de Lacerda, dermatologista do Hospital das Cl\u00ednicas de S\u00e3o Paulo. Ele recomenda que a gr\u00e1vida prefira produtos que est\u00e3o h\u00e1 mais tempo no mercado, &#8220;porque, se causassem algum problema, j\u00e1 teria sido relatado&#8221;.<\/p>\n<p style=\"text-align: justify;\"><strong>Tintura de cabelo<\/strong><br \/>\nPintar ou n\u00e3o pintar os cabelos \u00e9 um tema cl\u00e1ssico das conversas de gr\u00e1vidas. Segundo Addor, a quest\u00e3o continua pol\u00eamica: &#8220;Alguns estudos apontam um maior risco de muta\u00e7\u00f5es no feto [relacionado \u00e0s tinturas], outros mostram que n\u00e3o h\u00e1 risco&#8221;. Pessoalmente, ela acredita que, se n\u00e3o h\u00e1 certeza da seguran\u00e7a, \u00e9 melhor evitar.<\/p>\n<p style=\"text-align: justify;\">Foi essa a op\u00e7\u00e3o da agente de viagens Iracema Freitas, 30, gr\u00e1vida do primeiro filho. &#8220;Minha m\u00e9dica sugeriu que eu esperasse passar os primeiros tr\u00eas meses&#8221;, diz ela, que j\u00e1 entrou no segundo trimestre e, mesmo assim, preferiu dar um tempo \u00e0s tinturas de cabelo.<\/p>\n<p style=\"text-align: justify;\">Entre as mulheres, \u00e9 comum a cren\u00e7a de que os tonalizantes (colora\u00e7\u00f5es tempor\u00e1rias, que saem com as lavagens) s\u00e3o uma op\u00e7\u00e3o segura \u00e0s tinturas permanentes. N\u00e3o necessariamente. &#8220;H\u00e1 estudos sobre tonalizantes com conclus\u00f5es t\u00e3o ou mais contundentes [em rela\u00e7\u00e3o aos riscos] do que as das tinturas permanentes&#8221;, diz Addor.<\/p>\n<p style=\"text-align: justify;\">Quanto \u00e0 tintura com hena, &#8220;teoricamente n\u00e3o h\u00e1 risco, mas h\u00e1 relatos de dermatites de contato causadas pelo produto&#8221;, segundo a dermatologista. Al\u00e9m disso, muitos produtos \u00e0 base de hena cont\u00eam tamb\u00e9m outras subst\u00e2ncias.<\/p>\n<p style=\"text-align: justify;\">A ginecologista Carolina Androgeni, do ambulat\u00f3rio do climat\u00e9rio da Unifesp (Universidade Federal de S\u00e3o Paulo), recomenda que, na d\u00favida, a gr\u00e1vida espere at\u00e9 entrar no segundo trimestre da gesta\u00e7\u00e3o para voltar a tingir os cabelos. Para quem nunca usou tintura, o melhor \u00e9 deixar para depois que o beb\u00ea nascer.<\/p>\n<p style=\"text-align: justify;\">Uma op\u00e7\u00e3o menos arriscada, segundo Lacerda, s\u00e3o os &#8220;reflexos&#8221; ou &#8220;luzes&#8221;, em que apenas algumas por\u00e7\u00f5es dos fios s\u00e3o tingidas e o produto n\u00e3o chega ao couro cabeludo.<\/p>\n<p style=\"text-align: justify;\">Para as gr\u00e1vidas que n\u00e3o querem abrir m\u00e3o das tinturas, as recomenda\u00e7\u00f5es s\u00e3o fazer a prova de toque para rea\u00e7\u00e3o al\u00e9rgica, mesmo com produtos que j\u00e1 eram utilizados antes da gravidez, n\u00e3o estar com les\u00f5es no couro cabeludo, procurar profissionais de confian\u00e7a e produtos de qualidade e respeitar os intervalos recomendados entre uma tintura e outra.<\/p>\n<p style=\"text-align: justify;\"><strong>Outros cuidados<\/strong><br \/>\nAl\u00e9m dos produtos que oferecem risco ao feto, h\u00e1 cuidados est\u00e9ticos que podem causar efeitos na m\u00e3e. Como na gravidez o limiar de irrita\u00e7\u00e3o da pele \u00e9 um pouco menor e a resposta \u00e0 pigmenta\u00e7\u00e3o aumenta, \u00e9 preciso ter cautela com tudo o que possa manchar ou irritar a pele.<\/p>\n<p style=\"text-align: justify;\">\u00c9 o caso da depila\u00e7\u00e3o a laser. Como o seu efeito \u00e9 local, teoricamente n\u00e3o afeta a sa\u00fade do feto. O risco de manchas, por\u00e9m, pode aumentar. Ainda no campo da depila\u00e7\u00e3o: a cera quente n\u00e3o tem contra-indica\u00e7\u00e3o, mas \u00e9 bom saber que na gravidez \u00e9 mais freq\u00fcente a ocorr\u00eancia de pelos encravados. J\u00e1 os cremes depilat\u00f3rios, embora n\u00e3o haja estudos conclusivos, devem ser evitados por seu alto poder irritativo.<\/p>\n<p style=\"text-align: justify;\"><strong>[!] prote\u00e7\u00e3o solar<\/strong><br \/>\nComo a resposta \u00e0 pigmenta\u00e7\u00e3o aumenta durante a gravidez, a exposi\u00e7\u00e3o ao sol pode causar manchas escuras na pele da gestante; protetores solares de boa qualidade devem ser usados diariamente.<\/p>\n<p style=\"text-align: center;\">[<a href=\"javascript:history.go(-1)\">Voltar<\/a>]<\/p>\n","protected":false},"excerpt":{"rendered":"<p>Tinturas de cabelo e outros cosm\u00e9ticos devem ser usados com cuidado durante a gesta\u00e7\u00e3o.<\/p>\n","protected":false},"author":1,"featured_media":0,"comment_status":"open","ping_status":"open","sticky":false,"template":"","format":"standard","meta":{"footnotes":""},"categories":[27],"tags":[],"class_list":["post-7859","post","type-post","status-publish","format-standard","hentry","category-noticias"],"_links":{"self":[{"href":"https:\/\/antonini.psc.br\/index.php?rest_route=\/wp\/v2\/posts\/7859","targetHints":{"allow":["GET"]}}],"collection":[{"href":"https:\/\/antonini.psc.br\/index.php?rest_route=\/wp\/v2\/posts"}],"about":[{"href":"https:\/\/antonini.psc.br\/index.php?rest_route=\/wp\/v2\/types\/post"}],"author":[{"embeddable":true,"href":"https:\/\/antonini.psc.br\/index.php?rest_route=\/wp\/v2\/users\/1"}],"replies":[{"embeddable":true,"href":"https:\/\/antonini.psc.br\/index.php?rest_route=%2Fwp%2Fv2%2Fcomments&post=7859"}],"version-history":[{"count":1,"href":"https:\/\/antonini.psc.br\/index.php?rest_route=\/wp\/v2\/posts\/7859\/revisions"}],"predecessor-version":[{"id":27885,"href":"https:\/\/antonini.psc.br\/index.php?rest_route=\/wp\/v2\/posts\/7859\/revisions\/27885"}],"wp:attachment":[{"href":"https:\/\/antonini.psc.br\/index.php?rest_route=%2Fwp%2Fv2%2Fmedia&parent=7859"}],"wp:term":[{"taxonomy":"category","embeddable":true,"href":"https:\/\/antonini.psc.br\/index.php?rest_route=%2Fwp%2Fv2%2Fcategories&post=7859"},{"taxonomy":"post_tag","embeddable":true,"href":"https:\/\/antonini.psc.br\/index.php?rest_route=%2Fwp%2Fv2%2Ftags&post=7859"}],"curies":[{"name":"wp","href":"https:\/\/api.w.org\/{rel}","templated":true}]}}