{"id":7987,"date":"2009-12-27T11:22:52","date_gmt":"2009-12-27T14:22:52","guid":{"rendered":"http:\/\/antonini.med.br\/blog\/?p=7987"},"modified":"2022-02-15T03:26:47","modified_gmt":"2022-02-15T03:26:47","slug":"o-hospital-de-clinicas-da-ufpr-tem-residencia-inedita","status":"publish","type":"post","link":"https:\/\/antonini.psc.br\/?p=7987","title":{"rendered":"O Hospital de Cl\u00ednicas da UFPR t\u00eam resid\u00eancia in\u00e9dita"},"content":{"rendered":"<p><!-- \t\t@page { margin: 2cm } \t\tP { margin-bottom: 0.21cm } --><\/p>\n<p style=\"text-align: justify;\">A resid\u00eancia multiprofissional abriu concurso p\u00fablico para oito profiss\u00f5es. <span style=\"font-family: Times New Roman,serif;\"><span style=\"font-size: x-small;\"><br \/>\n<\/span><\/span><\/p>\n<p style=\"text-align: justify;\">O Hospital de Cl\u00ednicas da Universidade Federal do Paran\u00e1 abrir\u00e1, em 2010, programas de Resid\u00eancia Integrada Multiprofissional em aten\u00e7\u00e3o hospitalar, credenciados no Minist\u00e9rio da Educa\u00e7\u00e3o. Consistem em cursos de p\u00f3s-gradua\u00e7\u00e3o em n\u00edvel de especializa\u00e7\u00e3o com dura\u00e7\u00e3o de dois anos, caracterizados por treinamento em servi\u00e7o.<\/p>\n<p style=\"text-align: justify;\">A Resid\u00eancia Multiprofissional \u00e9 direcionada para profissionais da \u00e1rea de sa\u00fade, exceto os m\u00e9dicos, sendo que os residentes deste programa receber\u00e3o uma bolsa paga pelo Minist\u00e9rio da Educa\u00e7\u00e3o, do mesmo valor da bolsa de resid\u00eancia m\u00e9dica.<\/p>\n<p style=\"text-align: justify;\">O Hospital de Cl\u00ednicas obteve o credenciamento pela Comiss\u00e3o Nacional de Resid\u00eancia Multiprofissional do Minist\u00e9rio da Educa\u00e7\u00e3o e a autoriza\u00e7\u00e3o para a oferta do programa a partir de 2010, com a libera\u00e7\u00e3o de 20 vagas.<\/p>\n<p style=\"text-align: justify;\">Segundo o diretor de Ensino, Pesquisa e Extens\u00e3o do Hospital de Cl\u00ednicas, professor \u00c2ngelo Tesser, uma das premissas colocadas pelo Minist\u00e9rio da Educa\u00e7\u00e3o para este projeto \u00e9 o que os residentes n\u00e3o atuem exclusivamente dentro do hospital de cl\u00ednicas, mas tamb\u00e9m nas Unidades de Sa\u00fade, Conselhos de Sa\u00fade, entre outros servi\u00e7os do Sistema \u00danico de Sa\u00fade (SUS). &#8220;O objetivo \u00e9 formar profissionais que conhe\u00e7am a realidade do pa\u00eds e n\u00e3o s\u00f3 de um hospital terci\u00e1rio como o Hospital de Cl\u00ednicas&#8221;, disse.<\/p>\n<p style=\"text-align: justify;\">De acordo com o diretor, a resid\u00eancia multiprofissional representa um ganho muito importante n\u00e3o s\u00f3 para a institui\u00e7\u00e3o, mas para o desenvolvimento de estudos, produ\u00e7\u00e3o de conhecimento e para a qualidade da assist\u00eancia ao paciente. &#8220;\u00c9 ineg\u00e1vel que a presen\u00e7a do aluno propicia que todos os profissionais tenham um est\u00edmulo \u00e0 continua\u00e7\u00e3o de sua pr\u00f3pria educa\u00e7\u00e3o&#8221;, ressaltou.<\/p>\n<p style=\"text-align: justify;\">Al\u00e9m disso, quando h\u00e1 o ensino e pesquisa dentro da institui\u00e7\u00e3o, s\u00e3o realizados estudos e, consequentemente, elaboradas novas metodologias de assist\u00eancia. &#8220;O principal ganho \u00e9 a aproxima\u00e7\u00e3o do ensino e da assist\u00eancia. A resid\u00eancia multidisciplinar proporciona melhorias em todos os sentidos&#8221;, afirmou Tesser.<\/p>\n<p style=\"text-align: justify;\">Ser\u00e3o ofertadas vagas para enfermagem, nutri\u00e7\u00e3o, fisioterapia, farm\u00e1cia, farm\u00e1cia-bioqu\u00edmica, terapia ocupacional, psicologia e servi\u00e7o social, distribu\u00eddos em cinco \u00e1reas de capacita\u00e7\u00e3o ao programa: sa\u00fade da mulher, sa\u00fade do idoso e do adulto, urg\u00eancia e emerg\u00eancia, hematologia e oncologia e cardiovascular.<\/p>\n<p style=\"text-align: justify;\">Interessados no programa, entrem em contato com a DEPE &#8211; Dire\u00e7\u00e3o de Ensino, Pesquisa e Extens\u00e3o do Hospital de Cl\u00ednicas da UFPR pelo telefone <strong>41-3360-1839<\/strong>, em hor\u00e1rio comercial.<\/p>\n<p style=\"text-align: center;\">[<a href=\"javascript:history.go(-1)\">Voltar<\/a>]<\/p>\n","protected":false},"excerpt":{"rendered":"<p>A resid\u00eancia multiprofissional abriu concurso p\u00fablico para oito profiss\u00f5es. O Hospital de Cl\u00ednicas da Universidade Federal do Paran\u00e1 abrir\u00e1, em 2010, programas de Resid\u00eancia Integrada Multiprofissional em aten\u00e7\u00e3o hospitalar, credenciados no Minist\u00e9rio da Educa\u00e7\u00e3o. Consistem em cursos de p\u00f3s-gradua\u00e7\u00e3o em n\u00edvel de especializa\u00e7\u00e3o com dura\u00e7\u00e3o de dois anos, caracterizados por treinamento em servi\u00e7o. A Resid\u00eancia [&hellip;]<\/p>\n","protected":false},"author":1,"featured_media":0,"comment_status":"open","ping_status":"open","sticky":false,"template":"","format":"standard","meta":{"footnotes":""},"categories":[27],"tags":[],"class_list":["post-7987","post","type-post","status-publish","format-standard","hentry","category-noticias"],"_links":{"self":[{"href":"https:\/\/antonini.psc.br\/index.php?rest_route=\/wp\/v2\/posts\/7987","targetHints":{"allow":["GET"]}}],"collection":[{"href":"https:\/\/antonini.psc.br\/index.php?rest_route=\/wp\/v2\/posts"}],"about":[{"href":"https:\/\/antonini.psc.br\/index.php?rest_route=\/wp\/v2\/types\/post"}],"author":[{"embeddable":true,"href":"https:\/\/antonini.psc.br\/index.php?rest_route=\/wp\/v2\/users\/1"}],"replies":[{"embeddable":true,"href":"https:\/\/antonini.psc.br\/index.php?rest_route=%2Fwp%2Fv2%2Fcomments&post=7987"}],"version-history":[{"count":1,"href":"https:\/\/antonini.psc.br\/index.php?rest_route=\/wp\/v2\/posts\/7987\/revisions"}],"predecessor-version":[{"id":30950,"href":"https:\/\/antonini.psc.br\/index.php?rest_route=\/wp\/v2\/posts\/7987\/revisions\/30950"}],"wp:attachment":[{"href":"https:\/\/antonini.psc.br\/index.php?rest_route=%2Fwp%2Fv2%2Fmedia&parent=7987"}],"wp:term":[{"taxonomy":"category","embeddable":true,"href":"https:\/\/antonini.psc.br\/index.php?rest_route=%2Fwp%2Fv2%2Fcategories&post=7987"},{"taxonomy":"post_tag","embeddable":true,"href":"https:\/\/antonini.psc.br\/index.php?rest_route=%2Fwp%2Fv2%2Ftags&post=7987"}],"curies":[{"name":"wp","href":"https:\/\/api.w.org\/{rel}","templated":true}]}}