{"id":836,"date":"2008-11-24T23:53:37","date_gmt":"2008-11-25T02:53:37","guid":{"rendered":"http:\/\/www.antonini.med.br\/blog\/?p=836"},"modified":"2022-02-15T03:29:57","modified_gmt":"2022-02-15T03:29:57","slug":"depressao-pos-parto","status":"publish","type":"post","link":"https:\/\/antonini.psc.br\/?p=836","title":{"rendered":"Depress\u00e3o p\u00f3s-parto"},"content":{"rendered":"<p style=\"text-align: justify;\">Estudo da USP mostra que depress\u00e3o p\u00f3s-parto atinge at\u00e9 35% das m\u00e3es.<!--more--><\/p>\n<p style=\"text-align: justify;\">Um outro lado da maternidade, distante do mundo cor-de-rosa dos filmes, dos sonhos adolescentes e dos comerciais de televis\u00e3o, tem aparecido com maior freq\u00fc\u00eancia na vida de m\u00e3es e beb\u00eas paulistanos, segundo pesquisa do Instituto de Psicologia da Universidade de S\u00e3o Paulo (USP). Ao acompanhar as consultas de pr\u00e9-natal, o parto e os retornos de mulheres atendidas em hospitais p\u00fablicos da cidade, aplicando um question\u00e1rio padr\u00e3o e uma avalia\u00e7\u00e3o, o trabalho encontrou uma incid\u00eancia de depress\u00e3o p\u00f3s-parto em 32% a 35% delas &#8211; um n\u00famero tr\u00eas vezes mais alto do que o identificado na literatura m\u00e9dica, que varia de 10% a 15%.<\/p>\n<p style=\"text-align: justify;\">S\u00e3o mulheres que, em vez dos sorrisos constantes pela felicidade de ter um beb\u00ea em casa, como elas e as fam\u00edlias provavelmente esperavam, se deparam com crises de choro, irrita\u00e7\u00e3o permanente, dificuldades para dormir e comer, sensa\u00e7\u00e3o de desamparo e tristeza e falta de apetite sexual &#8211; nos casos mais graves, podem ocorrer tentativas de suic\u00eddio e atos de viol\u00eancia contra a crian\u00e7a. Al\u00e9m disso, sentem raiva do beb\u00ea, o culpam por sua situa\u00e7\u00e3o e, muitas vezes, acabam sendo negligentes em rela\u00e7\u00e3o aos cuidados de que a crian\u00e7a necessita, tratando-a como um fardo. Esse conjunto de sintomas pode aparecer nos primeiros dias ap\u00f3s o parto e, se n\u00e3o for cuidado, persistir por at\u00e9 um ano.<\/p>\n<p style=\"text-align: justify;\">E n\u00e3o s\u00e3o s\u00f3 as mulheres que sofrem com essa situa\u00e7\u00e3o. Uma s\u00e9rie de pesquisas indica que essa falta de contato com a m\u00e3e nas primeiras semanas traz conseq\u00fc\u00eancias para o desenvolvimento f\u00edsico e neuromotor da crian\u00e7a, persistindo nos anos seguintes: interagem menos com adultos, estabelecem menos rela\u00e7\u00f5es afetivas e t\u00eam n\u00edveis mais altos de horm\u00f4nios relacionados ao stress no organismo. Fazer um mapeamento detalhado desses efeitos e o que eles acarretam na rela\u00e7\u00e3o entre m\u00e3e e filho \u00e9 um dos objetivos da pesquisa da USP, financiada pela Fapesp e pelo CNPq. O trabalho come\u00e7ou no ano passado e deve se estender pelos pr\u00f3ximos dois anos.<\/p>\n<p style=\"text-align: justify;\"><strong>Simone Iwasso<\/strong><\/p>\n<p style=\"text-align: center;\">[<a href=\"javascript:history.go(-1)\">Voltar<\/a>]<\/p>\n","protected":false},"excerpt":{"rendered":"<p>Estudo da USP mostra que depress\u00e3o p\u00f3s-parto atinge at\u00e9 35% das m\u00e3es.<\/p>\n","protected":false},"author":1,"featured_media":0,"comment_status":"open","ping_status":"open","sticky":false,"template":"","format":"standard","meta":{"footnotes":""},"categories":[27],"tags":[],"class_list":["post-836","post","type-post","status-publish","format-standard","hentry","category-noticias"],"_links":{"self":[{"href":"https:\/\/antonini.psc.br\/index.php?rest_route=\/wp\/v2\/posts\/836","targetHints":{"allow":["GET"]}}],"collection":[{"href":"https:\/\/antonini.psc.br\/index.php?rest_route=\/wp\/v2\/posts"}],"about":[{"href":"https:\/\/antonini.psc.br\/index.php?rest_route=\/wp\/v2\/types\/post"}],"author":[{"embeddable":true,"href":"https:\/\/antonini.psc.br\/index.php?rest_route=\/wp\/v2\/users\/1"}],"replies":[{"embeddable":true,"href":"https:\/\/antonini.psc.br\/index.php?rest_route=%2Fwp%2Fv2%2Fcomments&post=836"}],"version-history":[{"count":1,"href":"https:\/\/antonini.psc.br\/index.php?rest_route=\/wp\/v2\/posts\/836\/revisions"}],"predecessor-version":[{"id":28121,"href":"https:\/\/antonini.psc.br\/index.php?rest_route=\/wp\/v2\/posts\/836\/revisions\/28121"}],"wp:attachment":[{"href":"https:\/\/antonini.psc.br\/index.php?rest_route=%2Fwp%2Fv2%2Fmedia&parent=836"}],"wp:term":[{"taxonomy":"category","embeddable":true,"href":"https:\/\/antonini.psc.br\/index.php?rest_route=%2Fwp%2Fv2%2Fcategories&post=836"},{"taxonomy":"post_tag","embeddable":true,"href":"https:\/\/antonini.psc.br\/index.php?rest_route=%2Fwp%2Fv2%2Ftags&post=836"}],"curies":[{"name":"wp","href":"https:\/\/api.w.org\/{rel}","templated":true}]}}