{"id":857,"date":"2008-11-26T17:01:43","date_gmt":"2008-11-26T20:01:43","guid":{"rendered":"http:\/\/www.antonini.med.br\/blog\/?p=857"},"modified":"2022-02-15T03:29:57","modified_gmt":"2022-02-15T03:29:57","slug":"termo-de-cooperacao-entre-safernet-secretaria-de-direitos-humanos-e-policia-federal","status":"publish","type":"post","link":"https:\/\/antonini.psc.br\/?p=857","title":{"rendered":"Termo de Coopera\u00e7\u00e3o entre SaferNet, Secretaria de Direitos Humanos e Pol\u00edcia Federal"},"content":{"rendered":"<p style=\"text-align: justify;\">Termo de Coopera\u00e7\u00e3o ser\u00e1 assinado amanh\u00e3 entre a SaferNet, Secretaria Especial de Direitos Humanos e Pol\u00edcia Federal.<!--more--><\/p>\n<p style=\"text-align: justify;\">A cerim\u00f4nia contar\u00e1 com a presen\u00e7a do Ministro da Secretaria Especial de Direitos Humanos, Paulo Vanuchi, presidente da SaferNet, Thiago Tavares, e o diretor geral da Pol\u00edcia Federal, Luis Fernando Correa.<\/p>\n<p style=\"text-align: justify;\">Rio de Janeiro, 26.11.08 &#8211; O Termo de Coopera\u00e7\u00e3o permitir\u00e1 que qualquer cidad\u00e3o que recorra ao Disque 100 denuncie crime de pornografia infantil por meio da Internet. As den\u00fancias recebidas pelo Disque 100 ser\u00e3o processadas pelo sistema da SaferNet Brasil, por meio da Central Nacional de Den\u00fancias de Crimes Cibern\u00e9ticos (Internet Hotline), criada pela ONG e operada em parceria com o Minist\u00e9rio P\u00fablico Federal, desde 2006.<\/p>\n<p style=\"text-align: justify;\">As den\u00fancias oriundas do Disque 100, ap\u00f3s triagem e an\u00e1lise de conte\u00fado pela SaferNet, ser\u00e3o encaminhadas para o Departamento da Pol\u00edcia Federal. A assinatura do Termo de Coopera\u00e7\u00e3o ser\u00e1 realizada pelo Ministro da Secretaria Especial de Direitos Humanos, Paulo Vanuchi, pelo presidente da SaferNet, Thiago Tavares, e pelo diretor geral da Pol\u00edcia Federal, Luis Fernando Correa.<\/p>\n<p style=\"text-align: justify;\">Mais Informa\u00e7\u00f5es:<\/p>\n<p style=\"text-align: justify;\">Daniela Silva<br \/>\nDiretora de Comunica\u00e7\u00e3o<br \/>\nSaferNet Brasil<br \/>\n71 9143-8980 \/ 71 9136-1618\n<\/p>\n<p style=\"text-align: justify;\">Servi\u00e7o<\/p>\n<p style=\"text-align: justify;\">Quando: Amanh\u00e3, 27 de novembro de 2008<br \/>\nOnde: Stand do Governo Federal, no III Congresso Mundial de Enfrentamento da Explora\u00e7\u00e3o Sexual de Crian\u00e7as e Adolescentes, RioCentro, Rio de Janeiro.<br \/>\nHor\u00e1rio: 12h\n<\/p>\n<p style=\"text-align: center;\">[<a href=\"javascript:history.go(-1)\">Voltar<\/a>]<\/p>\n","protected":false},"excerpt":{"rendered":"<p>Termo de Coopera\u00e7\u00e3o ser\u00e1 assinado amanh\u00e3 entre a SaferNet, Secretaria Especial de Direitos Humanos e Pol\u00edcia Federal.<\/p>\n","protected":false},"author":1,"featured_media":0,"comment_status":"open","ping_status":"open","sticky":false,"template":"","format":"standard","meta":{"footnotes":""},"categories":[24],"tags":[],"class_list":["post-857","post","type-post","status-publish","format-standard","hentry","category-informatica"],"_links":{"self":[{"href":"https:\/\/antonini.psc.br\/index.php?rest_route=\/wp\/v2\/posts\/857","targetHints":{"allow":["GET"]}}],"collection":[{"href":"https:\/\/antonini.psc.br\/index.php?rest_route=\/wp\/v2\/posts"}],"about":[{"href":"https:\/\/antonini.psc.br\/index.php?rest_route=\/wp\/v2\/types\/post"}],"author":[{"embeddable":true,"href":"https:\/\/antonini.psc.br\/index.php?rest_route=\/wp\/v2\/users\/1"}],"replies":[{"embeddable":true,"href":"https:\/\/antonini.psc.br\/index.php?rest_route=%2Fwp%2Fv2%2Fcomments&post=857"}],"version-history":[{"count":1,"href":"https:\/\/antonini.psc.br\/index.php?rest_route=\/wp\/v2\/posts\/857\/revisions"}],"predecessor-version":[{"id":28119,"href":"https:\/\/antonini.psc.br\/index.php?rest_route=\/wp\/v2\/posts\/857\/revisions\/28119"}],"wp:attachment":[{"href":"https:\/\/antonini.psc.br\/index.php?rest_route=%2Fwp%2Fv2%2Fmedia&parent=857"}],"wp:term":[{"taxonomy":"category","embeddable":true,"href":"https:\/\/antonini.psc.br\/index.php?rest_route=%2Fwp%2Fv2%2Fcategories&post=857"},{"taxonomy":"post_tag","embeddable":true,"href":"https:\/\/antonini.psc.br\/index.php?rest_route=%2Fwp%2Fv2%2Ftags&post=857"}],"curies":[{"name":"wp","href":"https:\/\/api.w.org\/{rel}","templated":true}]}}