{"id":9231,"date":"2010-07-02T16:00:26","date_gmt":"2010-07-02T16:00:26","guid":{"rendered":"http:\/\/antonini.med.br\/blog\/?p=9231"},"modified":"2022-02-15T03:26:27","modified_gmt":"2022-02-15T03:26:27","slug":"operacao-rara-salva-bebe-durante-o-parto","status":"publish","type":"post","link":"https:\/\/antonini.psc.br\/?p=9231","title":{"rendered":"Opera\u00e7\u00e3o rara salva beb\u00ea durante o parto"},"content":{"rendered":"<p style=\"text-align: justify;\">Procedimento foi realizado com a crian\u00e7a ainda ligada \u00e0 m\u00e3e pelo cord\u00e3o  umbilical e contou com a participa\u00e7\u00e3o de 25 profissionais.<!--more--><\/p>\n<p style=\"text-align: center;\">[singlepic id=861 w=320 h=240 float=center]<\/p>\n<p style=\"text-align: justify;\"><em>Thiago e Paula, pais de Helena (\u00e0 esquerda), e a  equipe m\u00e9dica respons\u00e1vel pela cirurgia que salvou a crian\u00e7a: beb\u00ea   precisar\u00e1 de acompanhamento por um ano <\/em>(clique para ampliar)<\/p>\n<p style=\"text-align: justify;\">Gra\u00e7as a um  diagn\u00f3stico precoce e ao esfor\u00e7o de uma equipe de m\u00e9dicos do Hospital de  Cl\u00ednicas da Universidade Federal do Paran\u00e1 (HC-UFPR), a pequena Helena  pode respirar e trazer alegria aos pais Thiago Lopes e Paula Pontara.  Nascida com uma m\u00e1-forma\u00e7\u00e3o rara na traqueia, o beb\u00ea foi operado antes  mesmo de ter o cord\u00e3o umbilical cortado na hora do parto. Segundo os  m\u00e9dicos envolvidos no caso, n\u00e3o h\u00e1 registros de que esse tipo de  procedimento j\u00e1 tivesse sido realizado no Brasil.<\/p>\n<p style=\"text-align: justify;\">Na  manh\u00e3 do \u00faltimo s\u00e1bado, Helena veio ao mundo cercada pelos cuidados de  uma equipe de 25 profissionais, entre m\u00e9dicos, anestesistas e  enfermeiros. Na 16.\u00aa semana de gesta\u00e7\u00e3o uma ecografia indicou que a  menina tinha uma obstru\u00e7\u00e3o no conduto que leva o oxig\u00eanio aos pulm\u00f5es:  uma m\u00e1-forma\u00e7\u00e3o de um segmento da traqueia. O problema, que impedia a  respira\u00e7\u00e3o, colocava a vida do beb\u00ea em risco. Sem os cuidados durante o  parto, Helena poderia sofrer graves sequelas no c\u00e9rebro por falta de  oxig\u00eanio, ou at\u00e9 mesmo n\u00e3o resistir e morrer. O caso mobilizou a equipe e  reuniu profissionais de diferentes \u00e1reas do departamento de medicina  fetal (tocoginecologia, cirurgia pedi\u00e1trica e anestesia), que durante  seis semanas se prepararam para o parto.<\/p>\n<p style=\"text-align: justify;\">N\u00e3o bastasse a m\u00e1-forma\u00e7\u00e3o, Paula entrou em trabalho de parto na 34.\u00aa  semana. Para evitar um parto prematuro de\u00ad\u00admais, a gestante ficou  internada por dez dias. \u201cProrro\u00adgamos ao m\u00e1\u00ad\u00adximo o nascimento para que o  be\u00ad\u00adb\u00ea pudesse ganhar peso e ter mais condi\u00e7\u00f5es de sobreviver\u201d, explica  o tocoginecologista Renato Sbalqueiro.<\/p>\n<p style=\"text-align: justify;\">Apesar de todas as dificuldades, o procedimento foi um sucesso. Paula  recebeu alta no dia seguinte e Helena, nascida com 2,2 kg, continua no  hospital. \u201cO beb\u00ea passa bem, ainda respira com a ajuda de aparelhos, mas  est\u00e1 est\u00e1vel\u201d, diz a m\u00e9dica Regina Cavalvante da Silva, chefe da UTI  Neonatal. Ainda n\u00e3o h\u00e1 previs\u00e3o de alta para Helena. \u201cDepois de deixar o  hospital ela ser\u00e1 acompanhada durante o primeiro ano, at\u00e9 que possa ter  condi\u00e7\u00f5es de passar por uma cirurgia que restaure de forma definitiva  as vias a\u00e9\u00adre\u00adas\u201d, adianta Miguel \u00c2ngelo Agulham, chefe do Servi\u00e7o de  Cirurgia Pedi\u00e1trica do HC.<\/p>\n<p style=\"text-align: justify;\">Emocionados, os pais visitam Helena todos os dias. \u201cN\u00e3o foi f\u00e1cil.  Durante a gesta\u00e7\u00e3o consultamos diversos m\u00e9dicos e alguns nem chegaram a  dar esperan\u00e7as. No quinto m\u00eas, nos disseram que o cora\u00e7\u00e3o dela poderia  parar e foi ent\u00e3o que passei a fazer um ultrassom a cada semana. Era uma  ang\u00fastia, mas um al\u00edvio ouvir que o cora\u00e7\u00e3ozinho continuava batendo.  N\u00e3o sab\u00edamos o que aconteceria at\u00e9 que chegamos ao HC. Fomos muito bem  acolhidos e a partir da\u00ed tive a certeza de que tudo ia dar certo\u201d,  afirma Paula.<\/p>\n<p style=\"text-align: justify;\">Para a diretora-geral do HC, Heda Amarante, o sucesso da cirurgia \u00e9  motivo de grande alegria para os profissionais. \u201c\u00c9 uma felicidade termos  conseguido um bom resultado e salvo uma crian\u00e7a que estava destinada a  n\u00e3o sobreviver caso n\u00e3o houvesse a interven\u00ad\u00e7\u00e3o. Por isso ressaltamos  como \u00e9 importante que as m\u00e3es fa\u00e7am o pr\u00e9-natal, j\u00e1 que hoje, gra\u00e7as aos  avan\u00e7os da medicina, \u00e9 poss\u00edvel diagnosticar altera\u00e7\u00f5es ainda na  gesta\u00e7\u00e3o e interferir de forma a salvar a vida dos beb\u00eas\u201d, diz.<\/p>\n<p style=\"text-align: justify;\"><strong>Desafio<\/strong><\/p>\n<p style=\"text-align: justify;\">Confira quais os procedimentos adotados para a cirurgia in\u00e9dita (clique para ampliar).<\/p>\n<p style=\"text-align: center;\">[singlepic id=862 w=320 h=240 float=center]<\/p>\n<p style=\"text-align: center;\">[<a href=\"javascript:history.go(-1)\">Voltar<\/a>]<\/p>\n","protected":false},"excerpt":{"rendered":"<p>Procedimento foi realizado com a crian\u00e7a ainda ligada \u00e0 m\u00e3e pelo cord\u00e3o umbilical e contou com a participa\u00e7\u00e3o de 25 profissionais.<\/p>\n","protected":false},"author":1,"featured_media":0,"comment_status":"open","ping_status":"open","sticky":false,"template":"","format":"standard","meta":{"footnotes":""},"categories":[27],"tags":[],"class_list":["post-9231","post","type-post","status-publish","format-standard","hentry","category-noticias"],"_links":{"self":[{"href":"https:\/\/antonini.psc.br\/index.php?rest_route=\/wp\/v2\/posts\/9231","targetHints":{"allow":["GET"]}}],"collection":[{"href":"https:\/\/antonini.psc.br\/index.php?rest_route=\/wp\/v2\/posts"}],"about":[{"href":"https:\/\/antonini.psc.br\/index.php?rest_route=\/wp\/v2\/types\/post"}],"author":[{"embeddable":true,"href":"https:\/\/antonini.psc.br\/index.php?rest_route=\/wp\/v2\/users\/1"}],"replies":[{"embeddable":true,"href":"https:\/\/antonini.psc.br\/index.php?rest_route=%2Fwp%2Fv2%2Fcomments&post=9231"}],"version-history":[{"count":1,"href":"https:\/\/antonini.psc.br\/index.php?rest_route=\/wp\/v2\/posts\/9231\/revisions"}],"predecessor-version":[{"id":27771,"href":"https:\/\/antonini.psc.br\/index.php?rest_route=\/wp\/v2\/posts\/9231\/revisions\/27771"}],"wp:attachment":[{"href":"https:\/\/antonini.psc.br\/index.php?rest_route=%2Fwp%2Fv2%2Fmedia&parent=9231"}],"wp:term":[{"taxonomy":"category","embeddable":true,"href":"https:\/\/antonini.psc.br\/index.php?rest_route=%2Fwp%2Fv2%2Fcategories&post=9231"},{"taxonomy":"post_tag","embeddable":true,"href":"https:\/\/antonini.psc.br\/index.php?rest_route=%2Fwp%2Fv2%2Ftags&post=9231"}],"curies":[{"name":"wp","href":"https:\/\/api.w.org\/{rel}","templated":true}]}}