{"id":9491,"date":"2010-02-24T14:44:18","date_gmt":"2010-02-24T14:44:18","guid":{"rendered":"http:\/\/opatriota.org\/?p=9491"},"modified":"2022-02-15T03:26:46","modified_gmt":"2022-02-15T03:26:46","slug":"horario-de-verao-o-fim","status":"publish","type":"post","link":"https:\/\/antonini.psc.br\/?p=9491","title":{"rendered":"Hor\u00e1rio de Ver\u00e3o, o fim&#8230;"},"content":{"rendered":"<p style=\"text-align: justify;\">Escrevi 80 artigos em  2009, Pra que, n\u00e9?<!--more--><\/p>\n<p style=\"text-align: justify;\">\n<p style=\"text-align: justify;\">Por: <strong>Waldo Lu\u00eds Viana*<\/strong><\/p>\n<p style=\"text-align: justify;\"><img loading=\"lazy\" decoding=\"async\" class=\"alignleft size-full wp-image-9495\" title=\"pateta\" src=\"http:\/\/opatriota.org\/wp-content\/uploads\/2010\/02\/pateta.gif\" alt=\"\" width=\"208\" height=\"222\" \/>O Brasil para em 30 de novembro. Da\u00ed vem o hor\u00e1rio de ver\u00e3o, o Natal, o Ano  Novo, o Carnaval, da\u00ed acaba o hor\u00e1rio de ver\u00e3o e o brasileiro acha que deve  trabalhar, esperando, como \u00e9 razo\u00e1vel, a Semana Santa. Haja  chocolate!<\/p>\n<p style=\"text-align: justify;\">\n<p style=\"text-align: justify;\">Este pa\u00eds \u00e9 t\u00e3o diferente do mundo  inteiro, porque o brasileiro acha que deve gerenciar os dias \u00fateis como droga e  amar os feriados, como o que deve prevalecer. O Brasil \u00e9 feito de carnavais  sucessivos e de nenhum trabalho&#8230;<\/p>\n<p style=\"text-align: justify;\">\n<p style=\"text-align: justify;\">Nosso pa\u00eds \u00e9 governado por um  b\u00eabado, considerado um deus pelas esquerdas e como um canalha que nada sabe pela  direita austera e sem dinheiro. Afinal, um presidente que paga ao exterior 150  bilh\u00f5es de reais por ano s\u00f3 pode ser considerado um magnata. Um estadista. Se eu  recebesse essa grana, limpinha, tamb\u00e9m diria que ele \u00e9 o m\u00e1ximo. A tal sucessora  dele, sem test driver, \u00a0j\u00e1 disse que ele  mostrou o caminho&#8230; O caminho \u00e9 a vergonha, a corrup\u00e7\u00e3o completa, tolerada  pelos tribunais superiores, que vivem de pal\u00e1cios e distor\u00e7\u00f5es do latim e do  portugu\u00eas para justificar o injustific\u00e1vel&#8230;<\/p>\n<p style=\"text-align: justify;\">\n<p style=\"text-align: justify;\">Nossas For\u00e7as Armadas v\u00e3o para o  Haiti, porque n\u00e3o cuidam da P\u00e1tria. O Haiti \u00e9 aqui, com um monte de analfabetos  que assistem a Rede Globo, com um certo narrador do BBB falando em nossos  her\u00f3is, bichas e l\u00e9sbicas que s\u00e3o nosso exemplo. Desculpe se n\u00e3o sou  politicamente correto, mas me recordo do Deuteron\u00f4mio e acho que parada gay,  al\u00e9m de ser o \u00fanico protesto que temos, demonstra que n\u00e3o temos mais Jesus neste  pa\u00eds, s\u00f3 o Inimigo. O \u00fanico protesto que podemos fazer \u00e9 ter o \u201corgulho\u201d gay. Eu  estou triste porque sou um antiquado idiota, que ainda gosto de  mulher&#8230;<\/p>\n<p style=\"text-align: justify;\">\n<p style=\"text-align: justify;\">O Haiti \u00e9 aqui e nossas For\u00e7as  Armadas n\u00e3o amam mais nosso pa\u00eds, que tem estradas podres, professores que n\u00e3o  ganham nada e m\u00e9dicos que est\u00e3o na mendic\u00e2ncia e um presidente alco\u00f3latra, que  tem medo do Ciro Gomes, um presidente da C\u00e2mara que quer ser vice-presidente,  igual ao Vasco da Gama, e faz do PMDB, que \u00e9 um partido patife, sem programa,  sem ideias e sem luz, ficar atr\u00e1s de uma falsa guerrilheira, falsa cancerosa e  falsa mestranda e doutora, que quer nos governar&#8230;<\/p>\n<p style=\"text-align: justify;\">\n<p style=\"text-align: justify;\"><img loading=\"lazy\" decoding=\"async\" class=\"size-full wp-image-9496 aligncenter\" title=\"porta_cadeia\" src=\"http:\/\/opatriota.org\/wp-content\/uploads\/2010\/02\/porta_cadeia.jpg\" alt=\"\" width=\"450\" height=\"360\" \/><\/p>\n<p style=\"text-align: justify;\">Nosso Senado, com gordos velhos,  acham que s\u00e3o \u201cfounding fatheres\u201d, um pa\u00eds com cara de m\u00e3o santa do Piau\u00ed, com  bolsinha fam\u00edlia, cento e quarenta contos para sorver cacha\u00e7a ao final do dia,  que pa\u00eds de merda&#8230;<\/p>\n<p style=\"text-align: justify;\">\n<p style=\"text-align: justify;\">Eu n\u00e3o vou mais escrever sobre minha  P\u00e1tria, porque ela tem podres poderes, que se acham poderosos, um Legislativo  que n\u00e3o legisla a nosso favor, um Judici\u00e1rio que \u00e9 lento para os ricos e  rapid\u00edssimo para os pobres e um Executivo que nada executa, roubando a popula\u00e7\u00e3o  com os mais severos impostos do mundo. N\u00e3o quero ser Tiradentes. Meu pesco\u00e7o  vale muito.<\/p>\n<p style=\"text-align: justify;\">\n<p style=\"text-align: justify;\">Como posso entender que no Distrito  Federal haja tanta persegui\u00e7\u00e3o contra bandidos do DEM e os fac\u00ednoras do PT, os  quarenta ladr\u00f5es sem o Ali Bab\u00e1 n\u00e3o estejam presos?<\/p>\n<p style=\"text-align: justify;\">\n<p style=\"text-align: justify;\">A\u00ed eu vejo um presidente de um  tribunal superior, que se diz poeta, e n\u00e3o acusa ningu\u00e9m, que empola o portugu\u00eas  para nada resolver a favor do povo, porque n\u00e3o pode machucar quem realmente  manda&#8230;<\/p>\n<p style=\"text-align: justify;\">\n<p style=\"text-align: justify;\">E termino aqui, dizendo que seria  prefer\u00edvel dar \u201cadeus \u00e0s armas\u201d, porque o cheiro f\u00e9tido de merda contamina o  final do hor\u00e1rio de ver\u00e3o. Amigos, \u00e9 o fim&#8230;<\/p>\n<p style=\"text-align: justify;\">\n<p style=\"text-align: justify;\">______<\/p>\n<p style=\"text-align: justify;\">*Waldo Lu\u00eds Viana \u00e9 escritor,  economista e poeta. Costuma cuspir e ficar nauseado com a merda em que se  transformou o seu pa\u00eds&#8230;<\/p>\n<p style=\"text-align: center;\">[<a href=\"javascript:history.go(-1)\">Voltar<\/a>]<\/p>\n","protected":false},"excerpt":{"rendered":"<p>Escrevi 80 artigos em 2009, Pra que, n\u00e9?<\/p>\n","protected":false},"author":1,"featured_media":0,"comment_status":"open","ping_status":"open","sticky":false,"template":"","format":"standard","meta":{"footnotes":""},"categories":[27],"tags":[],"class_list":["post-9491","post","type-post","status-publish","format-standard","hentry","category-noticias"],"_links":{"self":[{"href":"https:\/\/antonini.psc.br\/index.php?rest_route=\/wp\/v2\/posts\/9491","targetHints":{"allow":["GET"]}}],"collection":[{"href":"https:\/\/antonini.psc.br\/index.php?rest_route=\/wp\/v2\/posts"}],"about":[{"href":"https:\/\/antonini.psc.br\/index.php?rest_route=\/wp\/v2\/types\/post"}],"author":[{"embeddable":true,"href":"https:\/\/antonini.psc.br\/index.php?rest_route=\/wp\/v2\/users\/1"}],"replies":[{"embeddable":true,"href":"https:\/\/antonini.psc.br\/index.php?rest_route=%2Fwp%2Fv2%2Fcomments&post=9491"}],"version-history":[{"count":1,"href":"https:\/\/antonini.psc.br\/index.php?rest_route=\/wp\/v2\/posts\/9491\/revisions"}],"predecessor-version":[{"id":27827,"href":"https:\/\/antonini.psc.br\/index.php?rest_route=\/wp\/v2\/posts\/9491\/revisions\/27827"}],"wp:attachment":[{"href":"https:\/\/antonini.psc.br\/index.php?rest_route=%2Fwp%2Fv2%2Fmedia&parent=9491"}],"wp:term":[{"taxonomy":"category","embeddable":true,"href":"https:\/\/antonini.psc.br\/index.php?rest_route=%2Fwp%2Fv2%2Fcategories&post=9491"},{"taxonomy":"post_tag","embeddable":true,"href":"https:\/\/antonini.psc.br\/index.php?rest_route=%2Fwp%2Fv2%2Ftags&post=9491"}],"curies":[{"name":"wp","href":"https:\/\/api.w.org\/{rel}","templated":true}]}}