{"id":954,"date":"2008-12-05T13:45:32","date_gmt":"2008-12-05T13:45:32","guid":{"rendered":"http:\/\/www.antonini.med.br\/blog\/?p=954"},"modified":"2022-02-15T03:29:56","modified_gmt":"2022-02-15T03:29:56","slug":"discriminacao-dentro-do-servico-publico-federal","status":"publish","type":"post","link":"https:\/\/antonini.psc.br\/?p=954","title":{"rendered":"Discrimina\u00e7\u00e3o dentro do Servi\u00e7o P\u00fablico Federal"},"content":{"rendered":"<p style=\"text-align: justify;\">\u00c9 gritante e criminosa a discrimina\u00e7\u00e3o existente dentro do servi\u00e7o p\u00fablico federal, onde burocratas in\u00fateis \u00e0 popula\u00e7\u00e3o, que passam o dia entre mesas, caf\u00e9zinhos e bate-papos, chegam a ganhar, no n\u00edvel m\u00e9dio, sem curso superior e sem a menor responsabilidade com vidas humanas, R$4.190,07, enquanto os servidores da carreira PCCTAE (Plano de Classifica\u00e7\u00e3o de Cargos dos T\u00e9cnicos Administrativos em Educa\u00e7\u00e3o), que engloba de zeladores \u00e0 farmac\u00eauticos, m\u00e9dicos e outros profissionais de n\u00edvel desde fundamental at\u00e9 superior, com mestrado, doutorado, todos com alt\u00edssimo grau de especializa\u00e7\u00e3o, o sal\u00e1rio inicial \u00e9 de $1.800,00 no primeiro padr\u00e3o da carreira na classe E, na qual est\u00e3o os cargos que exigem n\u00edvel de escolariza\u00e7\u00e3o superior. Isso \u00e9 uma vergonha. \u00c9 um crime. N\u00f3s, servidores dos hospitais universit\u00e1rios do governo somos os que tem maior responsabilidade, pois lidamos com vidas, mas ganhamos os menores sal\u00e1rios, apesar de termos os maiores n\u00edveis de escolaridade, enquanto os burocratas ganham os maiores sal\u00e1rios sem fazerem nada da relevante, al\u00e9m de tomarem caf\u00e9zinhos e fazerem pol\u00edtica barata e in\u00fatil, isso quando n\u00e3o se corrompem, quando n\u00e3o se vendem ao crime e\/ou aos interesses de empresas multinacionais. Leiam na mat\u00e9ria anexada a &#8220;cachorrada&#8221; criminosa do (d\u00eas)governo.<!--more--><\/p>\n<p style=\"text-align: justify;\">Foi publicado no Di\u00e1rio Oficial da Uni\u00e3o desta sexta (5) o <a href=\"http:\/\/www.cespe.unb.br\/concursos\/anatel2008\/arquivos\/ED_1_2008_ANATEL_ABT.PDF\" target=\"_blank\" rel=\"noopener noreferrer\">edital<\/a> do concurso p\u00fablico da Anatel (Ag\u00eancia Nacional de Telecomunica\u00e7\u00f5es), com 247 vagas de n\u00edvel m\u00e9dio e superior.<\/p>\n<p style=\"text-align: justify;\">A lota\u00e7\u00e3o pode ocorrer em quase todos os Estados e no Distrito Federal, de acordo com o cargo. N\u00e3o h\u00e1 vagas para Alagoas, Rio Grande do Norte, Cear\u00e1, Esp\u00edrito Santo, Para\u00edba, Rio de Janeiro, Santa Catarina e Sergipe. A Anatel informa que o <a href=\"https:\/\/www.in.gov.br\/imprensa\/visualiza\/index.jsp?data=05\/12\/2008&amp;jornal=3&amp;pagina=164&amp;totalArquivos=256\" target=\"_blank\" rel=\"noopener noreferrer\">quadro de vagas<\/a> do edital tem um erro na soma dos cargos oferecidos, mas a distribui\u00e7\u00e3o dos postos nos Estados est\u00e1 correta.<\/p>\n<p style=\"text-align: justify;\">Os cargos que pedem n\u00edvel superior s\u00e3o os de analista administrativo e especialista em regula\u00e7\u00e3o de servi\u00e7os p\u00fablicos em telecomunica\u00e7\u00f5es, com sal\u00e1rio de R$ 8.389,60. O primeiro tem vagas nas seguintes \u00e1reas: administra\u00e7\u00e3o (35), biblioteconomia (duas), ci\u00eancias cont\u00e1beis (12), jornalismo (duas), direito (sete), engenharia civil (duas) e, em tecnologia da informa\u00e7\u00e3o, nas especialidades de ambiente operacional (duas), an\u00e1lise de neg\u00f3cios (seis), arquitetura de solu\u00e7\u00f5es (cinco) e redes e seguran\u00e7a (dois). No total, s\u00e3o 75 postos.<\/p>\n<p style=\"text-align: justify;\">No segundo, h\u00e1 69 postos: para ci\u00eancias cont\u00e1beis (cinco), direito (25), economia (8), engenharia (el\u00e9trica, eletr\u00f4nica ou telecomunica\u00e7\u00f5es, com 30 vagas) e estat\u00edstica (uma).<\/p>\n<p style=\"text-align: justify;\">Para n\u00edvel m\u00e9dio, o cargo de t\u00e9cnico administrativo paga R$ 4.190,07 e oferece 29 vagas, e o de t\u00e9cnico em regula\u00e7\u00e3o de servi\u00e7os remunera com R$ 4.205,27 e tem 74 postos.<\/p>\n<p style=\"text-align: justify;\">A inscri\u00e7\u00e3o pode ser feita no <a href=\"http:\/\/www.cespe.unb.br\/\" target=\"_blank\" rel=\"noopener noreferrer\">site<\/a> do Cespe (Centro de Sele\u00e7\u00e3o e de Promo\u00e7\u00e3o de Eventos), entre as 10h de 5 de janeiro e as 23h59 do dia 27 do mesmo m\u00eas (hor\u00e1rio de Bras\u00edlia), com taxas de R$ 85 (n\u00edvel superior) e R$ 45 (m\u00e9dio).<\/p>\n<p style=\"text-align: justify;\">Os exames, objetivos e discursivos, devem ocorrer no dia 8 de mar\u00e7o &#8212; de manh\u00e3 para os postos de n\u00edvel superior e \u00e0 tarde para os de n\u00edvel m\u00e9dio. Assim, \u00e9 poss\u00edvel se inscrever para dois cargos, de n\u00edvel de forma\u00e7\u00e3o diferentes. Os locais e os hor\u00e1rios de realiza\u00e7\u00e3o dos testes, que ser\u00e3o realizados em todas as capitais, devem ser divulgados em 18 ou 19 de fevereiro de 2009.<\/p>\n<p style=\"text-align: justify;\">A sele\u00e7\u00e3o ter\u00e1 provas objetivas, para todos os cargos; avalia\u00e7\u00e3o discursiva e avalia\u00e7\u00e3o de t\u00edtulos, para os de n\u00edvel superior. Estes tamb\u00e9m passar\u00e3o pelo curso de forma\u00e7\u00e3o, a ser ministrado em (Bras\u00edlia).<\/p>\n<p style=\"text-align: justify;\">A ag\u00eancia informa que o concurso ser\u00e1 regionalizado. Para cada cargo, \u00e1rea e especialidade, os candidatos aprovados ser\u00e3o nomeados de acordo com a ordem de classifica\u00e7\u00e3o regional. Vagas n\u00e3o preenchidas dessa forma ser\u00e3o oferecidas aos candidatos da lista nacional que n\u00e3o tiverem sido classificados dentro das vagas de sua regi\u00e3o.<\/p>\n<p style=\"text-align: justify;\">Pode pedir isen\u00e7\u00e3o de taxa o candidato que estiver inscrito no Cad\u00danico (Cadastro \u00danico para Programas Sociais do Governo Federal) e for membro de fam\u00edlia de baixa renda (ter ganho familiar mensal per capita de at\u00e9 meio sal\u00e1rio m\u00ednimo, R$ 207,5; ou possuir renda familiar mensal de at\u00e9 tr\u00eas sal\u00e1rios m\u00ednimos, R$ 1.245). Os pedidos t\u00eam de ser feitos at\u00e9 o dia 7 de janeiro de 2009, pelo <a href=\"http:\/\/www.cespe.unb.br\/concursos\" target=\"_blank\" rel=\"noopener noreferrer\">site<\/a> do Cespe. O resultado ser\u00e1 divulgado at\u00e9 o dia 26 de janeiro de 2009.<\/p>\n<p style=\"text-align: justify;\"><em>As informa\u00e7\u00f5es foram fornecidas pelo Cespe. \u00c9 recomend\u00e1vel confirmar datas e hor\u00e1rios para se prevenir de altera\u00e7\u00f5es posteriores \u00e0 publica\u00e7\u00e3o deste texto. Outros dados podem ser obtidos no <a href=\"http:\/\/www.cespe.unb.br\/\" target=\"_blank\" rel=\"noopener noreferrer\">site<\/a> da institui\u00e7\u00e3o.<\/em><\/p>\n<p style=\"text-align: justify;\"><em>[singlepic id=653 w=320 h=240 float=center]<\/em><\/p>\n<p style=\"text-align: justify;\"><em>Veja na imagem acima a tabela de vencimentos dos servidores do Minist\u00e9rio da Educa\u00e7\u00e3o a partir de 01 de julho de 2009 &#8211; clique para ampliar<br \/>\n<\/em><\/p>\n<p style=\"text-align: center;\">[<a href=\"javascript:history.go(-1)\">Voltar<\/a>]<\/p>\n","protected":false},"excerpt":{"rendered":"<p>\u00c9 gritante e criminosa a discrimina\u00e7\u00e3o existente dentro do servi\u00e7o p\u00fablico federal, onde burocratas in\u00fateis \u00e0 popula\u00e7\u00e3o, que passam o dia entre mesas, caf\u00e9zinhos e bate-papos, chegam a ganhar, no n\u00edvel m\u00e9dio, sem curso superior e sem a menor responsabilidade com vidas humanas, R$4.190,07, enquanto os servidores da carreira PCCTAE (Plano de Classifica\u00e7\u00e3o de Cargos [&hellip;]<\/p>\n","protected":false},"author":1,"featured_media":0,"comment_status":"open","ping_status":"open","sticky":false,"template":"","format":"standard","meta":{"footnotes":""},"categories":[27],"tags":[],"class_list":["post-954","post","type-post","status-publish","format-standard","hentry","category-noticias"],"_links":{"self":[{"href":"https:\/\/antonini.psc.br\/index.php?rest_route=\/wp\/v2\/posts\/954","targetHints":{"allow":["GET"]}}],"collection":[{"href":"https:\/\/antonini.psc.br\/index.php?rest_route=\/wp\/v2\/posts"}],"about":[{"href":"https:\/\/antonini.psc.br\/index.php?rest_route=\/wp\/v2\/types\/post"}],"author":[{"embeddable":true,"href":"https:\/\/antonini.psc.br\/index.php?rest_route=\/wp\/v2\/users\/1"}],"replies":[{"embeddable":true,"href":"https:\/\/antonini.psc.br\/index.php?rest_route=%2Fwp%2Fv2%2Fcomments&post=954"}],"version-history":[{"count":1,"href":"https:\/\/antonini.psc.br\/index.php?rest_route=\/wp\/v2\/posts\/954\/revisions"}],"predecessor-version":[{"id":28113,"href":"https:\/\/antonini.psc.br\/index.php?rest_route=\/wp\/v2\/posts\/954\/revisions\/28113"}],"wp:attachment":[{"href":"https:\/\/antonini.psc.br\/index.php?rest_route=%2Fwp%2Fv2%2Fmedia&parent=954"}],"wp:term":[{"taxonomy":"category","embeddable":true,"href":"https:\/\/antonini.psc.br\/index.php?rest_route=%2Fwp%2Fv2%2Fcategories&post=954"},{"taxonomy":"post_tag","embeddable":true,"href":"https:\/\/antonini.psc.br\/index.php?rest_route=%2Fwp%2Fv2%2Ftags&post=954"}],"curies":[{"name":"wp","href":"https:\/\/api.w.org\/{rel}","templated":true}]}}