{"id":9608,"date":"2010-03-03T15:57:19","date_gmt":"2010-03-03T15:57:19","guid":{"rendered":"http:\/\/opatriota.org\/?p=9608"},"modified":"2022-02-15T03:26:28","modified_gmt":"2022-02-15T03:26:28","slug":"centenario-do-nascimento-de-tancredo-neves-e-comemorado-amanha","status":"publish","type":"post","link":"https:\/\/antonini.psc.br\/?p=9608","title":{"rendered":"Centen\u00e1rio do nascimento de Tancredo Neves \u00e9 comemorado amanh\u00e3"},"content":{"rendered":"<p style=\"text-align: justify;\">Veja <a href=\"http:\/\/noticias.uol.com.br\/album\/01TancredoNeves_album.jhtm?abrefoto=7#fotoNav=1\" target=\"_blank\" rel=\"noopener noreferrer\">aqui<\/a> uma galeria de imagens dos principais momentos da vida pol\u00edtica de Tancredo de Almeida Neves, presidente eleito do Brasil em 1985, mas que n\u00e3o chegou a tomar posse, morrendo de sepsis em 21 de abril daquele ano.<\/p>\n<p style=\"text-align: center;\">[<a href=\"javascript:history.go(-1)\">Voltar<\/a>]<\/p>\n","protected":false},"excerpt":{"rendered":"<p>Veja aqui uma galeria de imagens dos principais momentos da vida pol\u00edtica de Tancredo de Almeida Neves, presidente eleito do Brasil em 1985, mas que n\u00e3o chegou a tomar posse, morrendo de sepsis em 21 de abril daquele ano. [Voltar]<\/p>\n","protected":false},"author":1,"featured_media":0,"comment_status":"open","ping_status":"open","sticky":false,"template":"","format":"standard","meta":{"footnotes":""},"categories":[27],"tags":[],"class_list":["post-9608","post","type-post","status-publish","format-standard","hentry","category-noticias"],"_links":{"self":[{"href":"https:\/\/antonini.psc.br\/index.php?rest_route=\/wp\/v2\/posts\/9608","targetHints":{"allow":["GET"]}}],"collection":[{"href":"https:\/\/antonini.psc.br\/index.php?rest_route=\/wp\/v2\/posts"}],"about":[{"href":"https:\/\/antonini.psc.br\/index.php?rest_route=\/wp\/v2\/types\/post"}],"author":[{"embeddable":true,"href":"https:\/\/antonini.psc.br\/index.php?rest_route=\/wp\/v2\/users\/1"}],"replies":[{"embeddable":true,"href":"https:\/\/antonini.psc.br\/index.php?rest_route=%2Fwp%2Fv2%2Fcomments&post=9608"}],"version-history":[{"count":1,"href":"https:\/\/antonini.psc.br\/index.php?rest_route=\/wp\/v2\/posts\/9608\/revisions"}],"predecessor-version":[{"id":27825,"href":"https:\/\/antonini.psc.br\/index.php?rest_route=\/wp\/v2\/posts\/9608\/revisions\/27825"}],"wp:attachment":[{"href":"https:\/\/antonini.psc.br\/index.php?rest_route=%2Fwp%2Fv2%2Fmedia&parent=9608"}],"wp:term":[{"taxonomy":"category","embeddable":true,"href":"https:\/\/antonini.psc.br\/index.php?rest_route=%2Fwp%2Fv2%2Fcategories&post=9608"},{"taxonomy":"post_tag","embeddable":true,"href":"https:\/\/antonini.psc.br\/index.php?rest_route=%2Fwp%2Fv2%2Ftags&post=9608"}],"curies":[{"name":"wp","href":"https:\/\/api.w.org\/{rel}","templated":true}]}}