{"id":9614,"date":"2010-08-11T21:57:53","date_gmt":"2010-08-12T00:57:53","guid":{"rendered":"http:\/\/antonini.med.br\/blog\/?p=9614"},"modified":"2022-02-15T03:26:27","modified_gmt":"2022-02-15T03:26:27","slug":"uma-licao-de-amor-e-compaixao","status":"publish","type":"post","link":"https:\/\/antonini.psc.br\/?p=9614","title":{"rendered":"Uma li\u00e7\u00e3o de amor e compaix\u00e3o"},"content":{"rendered":"<p>Uma linda hist\u00f3ria, que dizem ser ver\u00eddica, recebida de <strong>Ana Paula Santos<!--more--><\/strong><\/p>\n<p>por <strong>Josu\u00e9 Gon\u00e7alves<\/strong><\/p>\n<p style=\"text-align: justify;\">Antes, quero agradecer ao Antonio Janderley por ter me enviado um e-mail com esta hist\u00f3ria que me despertou o cora\u00e7\u00e3o logo pela manh\u00e3, ap\u00f3s um momento de ora\u00e7\u00e3o e leitura da Palavra. \u00c9 imposs\u00edvel ler uma hist\u00f3ria como essa e n\u00e3o refletir sobre o nosso pr\u00f3ximo. Eu considero esta hist\u00f3ria do Agenor e do Amaro como uma par\u00e1bola do \u201cBom Samaritano\u201d dos nossos dias. Boa leitura!<\/p>\n<p style=\"text-align: justify;\">Ricardinho n\u00e3o ag\u00fcentou o cheiro bom do p\u00e3o e falou:<\/p>\n<p style=\"text-align: justify;\">&#8211; Pai, t\u00f4 com fome!!!<\/p>\n<p style=\"text-align: justify;\">O pai, Agenor , sem ter um tost\u00e3o no bolso, caminhando desde muito cedo em busca de um trabalho, olha com os olhos marejados para o filho e pede mais um pouco de paci\u00eancia\u2026<\/p>\n<p style=\"text-align: justify;\">&#8211; Mas pai, desde ontem n\u00e3o comemos nada, eu t\u00f4 com muita fome, pai!!!<\/p>\n<p style=\"text-align: justify;\">Envergonhado, triste e humilhado em seu cora\u00e7\u00e3o de pai, Agenor pede para o filho aguardar na cal\u00e7ada enquanto entra na padaria a sua frente\u2026<\/p>\n<p style=\"text-align: justify;\">Ao entrar dirige-se a um homem no balc\u00e3o:<\/p>\n<p style=\"text-align: justify;\">&#8211; Meu senhor, estou com meu filho de apenas 6 anos na porta, com muita fome, n\u00e3o tenho nenhum tost\u00e3o, pois sai cedo para buscar um emprego e nada encontrei, eu lhe pe\u00e7o que em nome de Jesus me forne\u00e7a um p\u00e3o para que eu possa matar a fome desse menino, em troca posso varrer o ch\u00e3o de seu estabelecimento, lavar os pratos e copos, ou outro servi\u00e7o que o senhor precisar!!!<\/p>\n<p style=\"text-align: justify;\">Amaro , o dono da padaria estranha aquele homem de semblante calmo e sofrido, pedir comida em troca de trabalho e pede para que ele chame o filho\u2026<\/p>\n<p style=\"text-align: justify;\">Agenor pega o filho pela m\u00e3o e apresenta-o a Amaro, que imediatamente pede que os dois sentem-se junto ao balc\u00e3o, onde manda servir dois pratos de comida do famoso PF (Prato Feito) \u2013 arroz, feij\u00e3o, bife e ovo\u2026<\/p>\n<p style=\"text-align: justify;\">Para Ricardinho era um sonho, comer ap\u00f3s tantas horas na rua\u2026<\/p>\n<p style=\"text-align: justify;\">Para Agenor , uma dor a mais, j\u00e1 que comer aquela comida maravilhosa fazia-o lembrar-se da esposa e mais dois filhos que ficaram em casa apenas com um punhado de fub\u00e1\u2026<\/p>\n<p style=\"text-align: justify;\">Grossas l\u00e1grimas desciam dos seus olhos j\u00e1 na primeira garfada\u2026<\/p>\n<p style=\"text-align: justify;\">A satisfa\u00e7\u00e3o de ver seu filho devorando aquele prato simples como se fosse um manjar dos deuses, e lembran\u00e7a de sua pequena fam\u00edlia em casa, foi demais para seu cora\u00e7\u00e3o t\u00e3o cansado de mais de 2 anos de desemprego, humilha\u00e7\u00f5es e necessidades\u2026<\/p>\n<p style=\"text-align: justify;\">Amaro se aproxima de Agenor e percebendo a sua emo\u00e7\u00e3o, brinca para relaxar:<\/p>\n<p style=\"text-align: justify;\">&#8211; \u00d4 Maria!!! Sua comida deve estar muito ruim\u2026 Olha o meu amigo est\u00e1 at\u00e9 chorando de tristeza desse bife, ser\u00e1 que \u00e9 sola de sapato?!?!<\/p>\n<p style=\"text-align: justify;\">Imediatamente, Agenor sorri e diz que nunca comeu comida t\u00e3o apetitosa, e que agradecia a Deus por ter esse prazer\u2026<\/p>\n<p style=\"text-align: justify;\">Amaro pede ent\u00e3o que ele sossegue seu cora\u00e7\u00e3o, que almo\u00e7asse em paz e depois conversariam sobre trabalho\u2026<\/p>\n<p style=\"text-align: justify;\">Mais confiante, Agenor enxuga as l\u00e1grimas e come\u00e7a a almo\u00e7ar, j\u00e1 que sua fome j\u00e1 estava nas costas\u2026<\/p>\n<p style=\"text-align: justify;\">Ap\u00f3s o almo\u00e7o, Amaro convida Agenor para uma conversa nos fundos da padaria, onde havia um pequeno escrit\u00f3rio\u2026<\/p>\n<p style=\"text-align: justify;\">Agenor conta ent\u00e3o que h\u00e1 mais de 2 anos havia perdido o emprego e desde ent\u00e3o, sem uma especialidade profissional, sem estudos, ele estava vivendo de pequenos \u2018biscates aqui e acol\u00e1\u2019, mas que h\u00e1 2 meses n\u00e3o recebia nada\u2026<\/p>\n<p style=\"text-align: justify;\">Amaro resolve ent\u00e3o contratar Agenor para servi\u00e7os gerais na padaria, e penalizado, faz para o homem uma cesta b\u00e1sica com alimentos para pelo menos 15 dias\u2026<\/p>\n<p style=\"text-align: justify;\">Agenor com l\u00e1grimas nos olhos agradece a confian\u00e7a daquele homem e marca para o dia seguinte seu in\u00edcio no trabalho\u2026<\/p>\n<p style=\"text-align: justify;\">Ao chegar em casa com toda aquela \u2018fartura\u2019, Agenor \u00e9 um novo homem sentia esperan\u00e7as, sentia que sua vida iria tomar novo impulso\u2026<\/p>\n<p style=\"text-align: justify;\">Deus estava lhe abrindo mais do que uma porta, era toda uma esperan\u00e7a de dias melhores\u2026<\/p>\n<p style=\"text-align: justify;\">No dia seguinte, \u00e0s 5 da manh\u00e3, Agenor estava na porta da padaria ansioso para iniciar seu novo trabalho\u2026<\/p>\n<p style=\"text-align: justify;\">Amaro chega logo em seguida e sorri para aquele homem que nem ele sabia porque estava ajudando\u2026<\/p>\n<p style=\"text-align: justify;\">Tinham a mesma idade, 32 anos, e hist\u00f3rias diferentes, mas algo dentro dele chamava-o para ajudar aquela pessoa\u2026<\/p>\n<p style=\"text-align: justify;\">E, ele n\u00e3o se enganou \u2013 durante um ano, Agenor foi o mais dedicado trabalhador daquele estabelecimento, sempre honesto e extremamente zeloso com seus deveres\u2026<\/p>\n<p style=\"text-align: justify;\">Um dia, Amaro chama Agenor para uma conversa e fala da escola que abriu vagas para a alfabetiza\u00e7\u00e3o de adultos um quarteir\u00e3o acima da padaria, e que ele fazia quest\u00e3o que Agenor fosse estudar\u2026<\/p>\n<p style=\"text-align: justify;\">Agenor nunca esqueceu seu primeiro dia de aula: a m\u00e3o tr\u00eamula nas primeiras letras e a emo\u00e7\u00e3o da primeira carta\u2026<\/p>\n<p style=\"text-align: justify;\">Doze anos se passam desde aquele primeiro dia de aula\u2026<\/p>\n<p style=\"text-align: justify;\">Vamos encontrar o Dr. Agenor Baptista de Medeiros , advogado, abrindo seu escrit\u00f3rio para seu cliente, e depois outro, e depois mais outro\u2026<\/p>\n<p style=\"text-align: justify;\">Ao meio dia ele desce para um caf\u00e9 na padaria do amigo Amaro, que fica impressionado em ver o \u2018antigo funcion\u00e1rio\u2019 t\u00e3o elegante em seu primeiro terno\u2026<\/p>\n<p style=\"text-align: justify;\">Mais dez anos se passam, e agora o Dr. Agenor Baptista, j\u00e1 com uma clientela que mistura os mais necessitados que n\u00e3o podem pagar, e os mais abastados que o pagam muito bem, resolve criar uma Institui\u00e7\u00e3o que oferece aos desvalidos da sorte, que andam pelas ruas, pessoas desempregadas e carentes de todos os tipos, um prato de comida diariamente na hora do almo\u00e7o\u2026<\/p>\n<p style=\"text-align: justify;\">Mais de 200 refei\u00e7\u00f5es s\u00e3o servidas diariamente naquele lugar que \u00e9 administrado pelo seu filho, o agora nutricionista Ricardo Baptista\u2026<\/p>\n<p style=\"text-align: justify;\">Tudo mudou, tudo passou, mas a amizade daqueles dois homens, Amaro e Agenor impressionava a todos que conheciam um pouco da hist\u00f3ria de cada um\u2026<\/p>\n<p style=\"text-align: justify;\">Contam que aos 82 anos os dois faleceram no mesmo dia, quase que a mesma hora, morrendo placidamente com um sorriso de dever cumprido\u2026<\/p>\n<p style=\"text-align: justify;\">Ricardinho , o filho mandou gravar na frente da \u2018Casa do Caminho\u2019, que seu pai fundou com tanto carinho:<\/p>\n<p style=\"text-align: justify;\">\u2018Um dia eu tive fome, e voc\u00ea me alimentou. Um dia eu estava sem esperan\u00e7as e voc\u00ea me deu um caminho. Um dia acordei sozinho, e voc\u00ea me deu Deus, e isso n\u00e3o tem pre\u00e7o. Que Deus habite em seu cora\u00e7\u00e3o e alimente sua alma. E, que te sobre o p\u00e3o da miseric\u00f3rdia para estender a quem precisar!!!\u2019<\/p>\n<p style=\"text-align: justify;\">(Hist\u00f3ria ver\u00eddica)<\/p>\n<p style=\"text-align: justify;\">Na atualidade de um mundo p\u00f3s-moderno, onde ningu\u00e9m confia em ningu\u00e9m ou cada um por si e Deus por todos \u00e9 o imp\u00e9rio do medo e da desconfian\u00e7a.<\/p>\n<p style=\"text-align: justify;\">Quem \u00e9 meu pr\u00f3ximo? Talvez essa seja a nossa maior quest\u00e3o. Seu pr\u00f3ximo \u00e9 todo aquele que te pede ajuda! Seu pr\u00f3ximo \u00e9 aquele que precisa de voc\u00ea!<\/p>\n<p style=\"text-align: justify;\">Infelizmente com a desculpa da viol\u00eancia nos colocamos a margem de tudo e de todos.<\/p>\n<p style=\"text-align: justify;\">Amor na pr\u00e1tica \u00e9 o que n\u00f3s como Igreja e igreja precisamos para o avivamento que tanto buscamos e almejamos!<\/p>\n<p style=\"text-align: justify;\">Deus tenha miseric\u00f3rdia de n\u00f3s!<\/p>\n<p style=\"text-align: justify;\">O que voc\u00ea fez nestes \u00faltimos dias por aqueles que Deus permitiu que chegassem at\u00e9 voc\u00ea com uma necessidade?<\/p>\n<p style=\"text-align: center;\">[<a href=\"javascript:history.go(-1)\">Voltar<\/a>]<\/p>\n","protected":false},"excerpt":{"rendered":"<p>Uma linda hist\u00f3ria, que dizem ser ver\u00eddica, recebida de Ana Paula Santos<\/p>\n","protected":false},"author":1,"featured_media":0,"comment_status":"open","ping_status":"open","sticky":false,"template":"","format":"standard","meta":{"footnotes":""},"categories":[27],"tags":[],"class_list":["post-9614","post","type-post","status-publish","format-standard","hentry","category-noticias"],"_links":{"self":[{"href":"https:\/\/antonini.psc.br\/index.php?rest_route=\/wp\/v2\/posts\/9614","targetHints":{"allow":["GET"]}}],"collection":[{"href":"https:\/\/antonini.psc.br\/index.php?rest_route=\/wp\/v2\/posts"}],"about":[{"href":"https:\/\/antonini.psc.br\/index.php?rest_route=\/wp\/v2\/types\/post"}],"author":[{"embeddable":true,"href":"https:\/\/antonini.psc.br\/index.php?rest_route=\/wp\/v2\/users\/1"}],"replies":[{"embeddable":true,"href":"https:\/\/antonini.psc.br\/index.php?rest_route=%2Fwp%2Fv2%2Fcomments&post=9614"}],"version-history":[{"count":1,"href":"https:\/\/antonini.psc.br\/index.php?rest_route=\/wp\/v2\/posts\/9614\/revisions"}],"predecessor-version":[{"id":27755,"href":"https:\/\/antonini.psc.br\/index.php?rest_route=\/wp\/v2\/posts\/9614\/revisions\/27755"}],"wp:attachment":[{"href":"https:\/\/antonini.psc.br\/index.php?rest_route=%2Fwp%2Fv2%2Fmedia&parent=9614"}],"wp:term":[{"taxonomy":"category","embeddable":true,"href":"https:\/\/antonini.psc.br\/index.php?rest_route=%2Fwp%2Fv2%2Fcategories&post=9614"},{"taxonomy":"post_tag","embeddable":true,"href":"https:\/\/antonini.psc.br\/index.php?rest_route=%2Fwp%2Fv2%2Ftags&post=9614"}],"curies":[{"name":"wp","href":"https:\/\/api.w.org\/{rel}","templated":true}]}}