{"id":9640,"date":"2010-08-23T11:25:10","date_gmt":"2010-08-23T14:25:10","guid":{"rendered":"http:\/\/antonini.med.br\/blog\/?p=9640"},"modified":"2022-02-15T03:26:26","modified_gmt":"2022-02-15T03:26:26","slug":"pista-indica-origem-da-doenca-de-parkinson","status":"publish","type":"post","link":"https:\/\/antonini.psc.br\/?p=9640","title":{"rendered":"Pista indica origem da doen\u00e7a de Parkinson"},"content":{"rendered":"<p style=\"text-align: justify;\">Um grupo de pesquisa nos Estados Unidos descobriu nova evid\u00eancia de que a doen\u00e7a de Parkinson pode ter origem infecciosa ou autoimune. A novidade foi publicada neste domingo (15\/8) na revista Nature Genetics.<!--more--><\/p>\n<p style=\"text-align: justify;\">Ag\u00eancia FAPESP<\/p>\n<p style=\"text-align: justify;\">Domingo, 22 de agosto de 2010 &#8211; 11h49<\/p>\n<p style=\"text-align: justify;\">O estudo identificou uma rela\u00e7\u00e3o gen\u00e9tica entre o sistema imunol\u00f3gico e a doen\u00e7a progressiva e incur\u00e1vel. Os pesquisadores examinaram mais de 2 mil pacientes com Parkinson em quatro estados norte-americanos e outros 2 mil volunt\u00e1rios sem a doen\u00e7a.<\/p>\n<p style=\"text-align: justify;\">Foram avaliados fatores cl\u00ednicos, gen\u00e9ticos e ambientais que poderiam contribuir para o desenvolvimento e a progress\u00e3o da doen\u00e7a e de suas complica\u00e7\u00f5es. Alguns foram acompanhados por quase 20 anos.<\/p>\n<p style=\"text-align: justify;\">\u201cDurante o tempo da pesquisa, encontramos pistas sutis de que a fun\u00e7\u00e3o imune poderia estar ligada ao Parkinson. Agora, temos evid\u00eancia muito convincente disso e uma ideia bem definida de quais partes do sistema imunol\u00f3gico podem estar envolvidos\u201d, disse Cyrus Zabetian, professor da Universidade de Washington, um dos autores da pesquisa.<\/p>\n<p style=\"text-align: justify;\">Os pesquisadores descobriram uma nova associa\u00e7\u00e3o da doen\u00e7a com a regi\u00e3o antigamente chamada de HLA (sigla em ingl\u00eas para \u201cant\u00edgenos leucocit\u00e1rios humanos\u201d) e hoje de CPH, ou Complexo Principal de Histocompatibilidade, que cont\u00e9m um grande n\u00famero de genes relacionados \u00e0 fun\u00e7\u00e3o imunol\u00f3gica em humanos.<\/p>\n<p style=\"text-align: justify;\">Os genes do CPH s\u00e3o essenciais para o reconhecimento de invasores nos tecidos do corpo. Mas o funcionamento n\u00e3o \u00e9 sempre perfeito, uma vez que os genes variam muito de pessoa a pessoa.<\/p>\n<p style=\"text-align: justify;\">Certas variantes dos CPH est\u00e3o associadas com um aumento no risco ou na prote\u00e7\u00e3o contra doen\u00e7as infecciosas, enquanto outras podem induzir dist\u00farbios nos quais o sistema imunol\u00f3gico ataca tecidos do pr\u00f3prio corpo.<\/p>\n<p style=\"text-align: justify;\">Esclerose m\u00faltipla, uma doen\u00e7a neurol\u00f3gica causada pela autoimunidade, tamb\u00e9m est\u00e1 associada com os HLA. O estudo observou que a variante gen\u00e9tica associada com a doen\u00e7a de Parkinson est\u00e1 na mesma regi\u00e3o que a ligada \u00e0 esclerose.<\/p>\n<p style=\"text-align: justify;\">De acordo com a pesquisa, investigar a conex\u00e3o entre Parkinson e inflama\u00e7\u00f5es, especialmente no contexto da um marcador gen\u00e9tico vari\u00e1vel, pode levar ao desenvolvimento de medicamentos melhores e mais seletivos para o tratamento da doen\u00e7a.<\/p>\n<p style=\"text-align: justify;\">O artigo Common genetic variation in the HLA region is associated with late-onset sporadic Parkinson&#8217;s disease (doi:10.1038\/ng.642), de Haydeh Payami e outros, pode ser lido por assinantes da Nature Genetics em www.nature.com\/ng.<\/p>\n<p style=\"text-align: center;\">[<a href=\"javascript:history.go(-1)\">Voltar<\/a>]<\/p>\n","protected":false},"excerpt":{"rendered":"<p>Um grupo de pesquisa nos Estados Unidos descobriu nova evid\u00eancia de que a doen\u00e7a de Parkinson pode ter origem infecciosa ou autoimune. A novidade foi publicada neste domingo (15\/8) na revista Nature Genetics.<\/p>\n","protected":false},"author":1,"featured_media":0,"comment_status":"open","ping_status":"open","sticky":false,"template":"","format":"standard","meta":{"footnotes":""},"categories":[27],"tags":[],"class_list":["post-9640","post","type-post","status-publish","format-standard","hentry","category-noticias"],"_links":{"self":[{"href":"https:\/\/antonini.psc.br\/index.php?rest_route=\/wp\/v2\/posts\/9640","targetHints":{"allow":["GET"]}}],"collection":[{"href":"https:\/\/antonini.psc.br\/index.php?rest_route=\/wp\/v2\/posts"}],"about":[{"href":"https:\/\/antonini.psc.br\/index.php?rest_route=\/wp\/v2\/types\/post"}],"author":[{"embeddable":true,"href":"https:\/\/antonini.psc.br\/index.php?rest_route=\/wp\/v2\/users\/1"}],"replies":[{"embeddable":true,"href":"https:\/\/antonini.psc.br\/index.php?rest_route=%2Fwp%2Fv2%2Fcomments&post=9640"}],"version-history":[{"count":1,"href":"https:\/\/antonini.psc.br\/index.php?rest_route=\/wp\/v2\/posts\/9640\/revisions"}],"predecessor-version":[{"id":27749,"href":"https:\/\/antonini.psc.br\/index.php?rest_route=\/wp\/v2\/posts\/9640\/revisions\/27749"}],"wp:attachment":[{"href":"https:\/\/antonini.psc.br\/index.php?rest_route=%2Fwp%2Fv2%2Fmedia&parent=9640"}],"wp:term":[{"taxonomy":"category","embeddable":true,"href":"https:\/\/antonini.psc.br\/index.php?rest_route=%2Fwp%2Fv2%2Fcategories&post=9640"},{"taxonomy":"post_tag","embeddable":true,"href":"https:\/\/antonini.psc.br\/index.php?rest_route=%2Fwp%2Fv2%2Ftags&post=9640"}],"curies":[{"name":"wp","href":"https:\/\/api.w.org\/{rel}","templated":true}]}}