{"id":9715,"date":"2010-03-09T16:41:31","date_gmt":"2010-03-09T16:41:31","guid":{"rendered":"http:\/\/opatriota.org\/?p=9715"},"modified":"2022-02-15T03:26:28","modified_gmt":"2022-02-15T03:26:28","slug":"vaticano-diz-que-acusar-igreja-por-pedofilia-deturpa-a-realidade","status":"publish","type":"post","link":"https:\/\/antonini.psc.br\/?p=9715","title":{"rendered":"Vaticano diz que acusar Igreja por pedofilia deturpa a realidade"},"content":{"rendered":"<p style=\"text-align: justify;\">Nisso o Vaticano tem raz\u00e3o. N\u00e3o \u00e9 a Igreja Cat\u00f3lica que comete os delitos. A Igreja \u00e9 uma institui\u00e7\u00e3o est\u00e1tica, inanimada. S\u00e3o seus membros &#8211; as pessoas &#8211; que cometem os delitos. N\u00e3o estou defendendo a Igreja Cat\u00f3lica, mas em outros lugares do mundo e outras sociedades ou civiliza\u00e7\u00f5es acontecem coisas muito piores que abuso sexual, prostitui\u00e7\u00e3o infantil ou pedofilia e ningu\u00e9m fala nada. Veja um exemplo <a href=\"http:\/\/antonini.med.br\/blog\/?p=17\" target=\"_blank\" rel=\"noopener noreferrer\">aqui<\/a>.\u00a0 Leia esta not\u00edcia <a href=\"http:\/\/noticias.uol.com.br\/ultimas-noticias\/efe\/2010\/03\/09\/vaticano-diz-que-acusar-igreja-por-pedofilia-deturpa-a-realidade.jhtm\" target=\"_blank\" rel=\"noopener noreferrer\">aqui<\/a><\/p>\n<p style=\"text-align: center;\">[<a href=\"javascript:history.go(-1)\">Voltar<\/a>]<\/p>\n","protected":false},"excerpt":{"rendered":"<p>Nisso o Vaticano tem raz\u00e3o. N\u00e3o \u00e9 a Igreja Cat\u00f3lica que comete os delitos. A Igreja \u00e9 uma institui\u00e7\u00e3o est\u00e1tica, inanimada. S\u00e3o seus membros &#8211; as pessoas &#8211; que cometem os delitos. N\u00e3o estou defendendo a Igreja Cat\u00f3lica, mas em outros lugares do mundo e outras sociedades ou civiliza\u00e7\u00f5es acontecem coisas muito piores que abuso [&hellip;]<\/p>\n","protected":false},"author":1,"featured_media":0,"comment_status":"open","ping_status":"open","sticky":false,"template":"","format":"standard","meta":{"footnotes":""},"categories":[27],"tags":[],"class_list":["post-9715","post","type-post","status-publish","format-standard","hentry","category-noticias"],"_links":{"self":[{"href":"https:\/\/antonini.psc.br\/index.php?rest_route=\/wp\/v2\/posts\/9715","targetHints":{"allow":["GET"]}}],"collection":[{"href":"https:\/\/antonini.psc.br\/index.php?rest_route=\/wp\/v2\/posts"}],"about":[{"href":"https:\/\/antonini.psc.br\/index.php?rest_route=\/wp\/v2\/types\/post"}],"author":[{"embeddable":true,"href":"https:\/\/antonini.psc.br\/index.php?rest_route=\/wp\/v2\/users\/1"}],"replies":[{"embeddable":true,"href":"https:\/\/antonini.psc.br\/index.php?rest_route=%2Fwp%2Fv2%2Fcomments&post=9715"}],"version-history":[{"count":1,"href":"https:\/\/antonini.psc.br\/index.php?rest_route=\/wp\/v2\/posts\/9715\/revisions"}],"predecessor-version":[{"id":27817,"href":"https:\/\/antonini.psc.br\/index.php?rest_route=\/wp\/v2\/posts\/9715\/revisions\/27817"}],"wp:attachment":[{"href":"https:\/\/antonini.psc.br\/index.php?rest_route=%2Fwp%2Fv2%2Fmedia&parent=9715"}],"wp:term":[{"taxonomy":"category","embeddable":true,"href":"https:\/\/antonini.psc.br\/index.php?rest_route=%2Fwp%2Fv2%2Fcategories&post=9715"},{"taxonomy":"post_tag","embeddable":true,"href":"https:\/\/antonini.psc.br\/index.php?rest_route=%2Fwp%2Fv2%2Ftags&post=9715"}],"curies":[{"name":"wp","href":"https:\/\/api.w.org\/{rel}","templated":true}]}}