{"id":975,"date":"2008-12-06T01:12:48","date_gmt":"2008-12-06T01:12:48","guid":{"rendered":"http:\/\/www.antonini.med.br\/blog\/?p=975"},"modified":"2022-02-15T03:29:56","modified_gmt":"2022-02-15T03:29:56","slug":"ciclos","status":"publish","type":"post","link":"https:\/\/antonini.psc.br\/?p=975","title":{"rendered":"Ciclos"},"content":{"rendered":"<p style=\"text-align: justify;\">Para que bem entendamos e memorizemos a hist\u00f3ria do Brasil, costuma-se separ\u00e1-la em ciclos, que representam fatos importantes de uma \u00e9poca determinada, sob determinados aspectos. <!--more--><\/p>\n<p style=\"text-align: justify;\">Sob o aspecto econ\u00f4mico nosso pa\u00eds conheceu, dispensado o rigor da ordem, o ciclo do pau-brasil, da borracha, do ouro, do caf\u00e9, da cana-de-a\u00e7\u00facar e muitos outros.<\/p>\n<p style=\"text-align: justify;\">Dos citados, al\u00e9m do caf\u00e9, apenas o da cana-de-a\u00e7\u00facar n\u00e3o tinha car\u00e1ter extrativista, pois demandava tratos culturais e plantio em \u00e1reas cada vez maiores para atender principalmente o mercado externo, altamente importador de a\u00e7\u00facar.<\/p>\n<p style=\"text-align: justify;\">O nordeste brasileiro, Pernambuco \u00e0 frente, foi escolhido para abrigar os extensos plantios em virtude da proximidade\u00a0 com o continente europeu. E l\u00e1 nasceu uma casta composta dos senhores de engenho, patenteados de coron\u00e9is da guarda nacional, cuja for\u00e7a pol\u00edtica era t\u00e3o grande que n\u00e3o permitia a expans\u00e3o da cana-de-a\u00e7\u00facar para o resto do pa\u00eds, principalmente para o sudeste.<\/p>\n<p style=\"text-align: justify;\">A estrutura da explora\u00e7\u00e3o canavieira era toda calcada\u00a0 na m\u00e3o-de-obra escrava, que ap\u00f3s a aboli\u00e7\u00e3o pouca altera\u00e7\u00e3o sofreu e o regime passou a ser de semi-escravid\u00e3o: povo paup\u00e9rrimo explorado por uma classe dominante propriet\u00e1ria de extensas \u00e1reas de terras, que inclusive mandava no governo central.<\/p>\n<p style=\"text-align: justify;\">Os resqu\u00edcios disto est\u00e3o at\u00e9 hoje presentes na vida republicana.<\/p>\n<p style=\"text-align: justify;\">Mas se o sul\/sudeste abriu m\u00e3o da economia a\u00e7ucareira e da for\u00e7a pol\u00edtica em prol dos canavieiros nordestinos, foi aquinhoado\u00a0 em contrapartida com a vinda dos imigrantes cuja mentalidade agr\u00edcola priorizava a pequena propriedade, a policultura e o trabalho livre e remunerado, com evidente distribui\u00e7\u00e3o de renda, respons\u00e1vel juntamente com a ind\u00fastria florescente, pelo progresso ent\u00e3o sentido.<\/p>\n<p style=\"text-align: justify;\">Sob o governo de Juscelino na d\u00e9cada de 50\/60 do s\u00e9culo XX, com o incentivo \u00e0 industrializa\u00e7\u00e3o, principalmente a automobil\u00edstica, a constru\u00e7\u00e3o de Bras\u00edlia e os 50 anos em 5 propostos por JK, grandes levas de nordestinos aportaram no sul\/sudeste, aqui encontrando uma estrutura fundi\u00e1ria composta de pequenas propriedades onde plantava-se e colhia-se de tudo.<\/p>\n<p style=\"text-align: justify;\">Numa destas levas veio Luiz In\u00e1cio da Silva que vendo tanta pujan\u00e7a, se n\u00e3o pensou, cantou plagiando Chico Buarque de Holanda:<\/p>\n<p style=\"text-align: justify;\">Ai esta terra vai seguir seu ideal<\/p>\n<p style=\"text-align: justify;\">Vai se tornar um imenso canavial&#8230;..<\/p>\n<p style=\"text-align: justify;\">Muita \u00e1gua passou debaixo da ponte at\u00e9 que um neo-liberal, muito letrado e culto de quem se esperava um governo revolucion\u00e1rio no bom sentido, foi eleito e para tristeza geral da na\u00e7\u00e3o, que dele muito esperava, foi um fracasso, dizimando os bens p\u00fablicos e beneficiando os privilegiados de sempre.<\/p>\n<p style=\"text-align: justify;\">Em contraposi\u00e7\u00e3o a um neo-liberal culto e letrado, o povo por \u201cvingan\u00e7a\u201d votou num iletrado dentro da l\u00f3gica \u201co inverso \u00e9 melhor\u201d que sem projeto algum de governo, ressuscitou o velho sonho de tornar o pa\u00eds um grande latif\u00fandio, onde plantando cana, \u00e1lcool d\u00e1. A\u00a0 come\u00e7ar pelo Sudeste \u201cmaravilha\u201d.<\/p>\n<p style=\"text-align: justify;\">Mas a roda do destino, pela segunda vez falou mais alto. As dezenas de novas usinas e os muitos alqueires de cana plantados por este Brasil, correm o risco de serem atropelados pela crise que assola o planeta, obrigando os propriet\u00e1rios de terras a repensar a finalidade social da terra.<\/p>\n<p style=\"text-align: justify;\">Este artigo foi escrito ante um simp\u00f3sio sobre biocombust\u00edveis promovido pela central dos plantadores de cana e teve Dilma Roussef como garota-propaganda. Sem ter muito a mostrar, o encontro apresentou carros flex iguais aos que vemos diariamente nas ruas, um \u00f4nibus movido a \u00e1lcool, que tem muito pouca chance de se tornar vi\u00e1vel e um carro de F\u00f3rmula Um, que parecia feito de papel\u00e3o. Ser\u00e3o os efeitos da crise?<\/p>\n<p style=\"text-align: justify;\">Luiz Bosco Sardinha Machado<\/p>\n","protected":false},"excerpt":{"rendered":"<p>Para que bem entendamos e memorizemos a hist\u00f3ria do Brasil, costuma-se separ\u00e1-la em ciclos, que representam fatos importantes de uma \u00e9poca determinada, sob determinados aspectos.<\/p>\n","protected":false},"author":1,"featured_media":0,"comment_status":"open","ping_status":"open","sticky":false,"template":"","format":"standard","meta":{"footnotes":""},"categories":[27],"tags":[],"class_list":["post-975","post","type-post","status-publish","format-standard","hentry","category-noticias"],"_links":{"self":[{"href":"https:\/\/antonini.psc.br\/index.php?rest_route=\/wp\/v2\/posts\/975","targetHints":{"allow":["GET"]}}],"collection":[{"href":"https:\/\/antonini.psc.br\/index.php?rest_route=\/wp\/v2\/posts"}],"about":[{"href":"https:\/\/antonini.psc.br\/index.php?rest_route=\/wp\/v2\/types\/post"}],"author":[{"embeddable":true,"href":"https:\/\/antonini.psc.br\/index.php?rest_route=\/wp\/v2\/users\/1"}],"replies":[{"embeddable":true,"href":"https:\/\/antonini.psc.br\/index.php?rest_route=%2Fwp%2Fv2%2Fcomments&post=975"}],"version-history":[{"count":1,"href":"https:\/\/antonini.psc.br\/index.php?rest_route=\/wp\/v2\/posts\/975\/revisions"}],"predecessor-version":[{"id":27290,"href":"https:\/\/antonini.psc.br\/index.php?rest_route=\/wp\/v2\/posts\/975\/revisions\/27290"}],"wp:attachment":[{"href":"https:\/\/antonini.psc.br\/index.php?rest_route=%2Fwp%2Fv2%2Fmedia&parent=975"}],"wp:term":[{"taxonomy":"category","embeddable":true,"href":"https:\/\/antonini.psc.br\/index.php?rest_route=%2Fwp%2Fv2%2Fcategories&post=975"},{"taxonomy":"post_tag","embeddable":true,"href":"https:\/\/antonini.psc.br\/index.php?rest_route=%2Fwp%2Fv2%2Ftags&post=975"}],"curies":[{"name":"wp","href":"https:\/\/api.w.org\/{rel}","templated":true}]}}