{"id":9812,"date":"2010-03-30T04:29:22","date_gmt":"2010-03-30T04:29:22","guid":{"rendered":"http:\/\/opatriota.org\/?p=9812"},"modified":"2022-02-15T03:26:28","modified_gmt":"2022-02-15T03:26:28","slug":"analises-clinicas-e-prescricao-farmaceutica-em-debate","status":"publish","type":"post","link":"https:\/\/antonini.psc.br\/?p=9812","title":{"rendered":"An\u00e1lises Cl\u00ednicas e prescri\u00e7\u00e3o farmac\u00eautica em debate"},"content":{"rendered":"<p style=\"text-align: justify;\">Os farmac\u00eauticos tem mais \u00e9 que prescreverem f\u00e1rmacos, pois de acordo com a lei 85.878\/81, o profissional do medicamento \u00e9 o Farmac\u00eautico e n\u00e3o o m\u00e9dico e por isso, nada mais coerente que o Farmac\u00eautico fazer o tratamento farmacoterap\u00eautico dos doentes, cabendo aos m\u00e9dicos unicamente aquilo que eles tanto pleiteiam: a privacidade no diagn\u00f3stico.<!--more--><\/p>\n<p style=\"text-align: justify;\">Um dia ap\u00f3s o encerramento da Reuni\u00e3o  Geral dos Conselhos Federal e Regionais de Farm\u00e1cia (24.03.10), o  Plen\u00e1rio do Conselho Federal realizou a sua 370\u00aa Reuni\u00e3o, no mesmo local  &#8211; o audit\u00f3rio Conselheiro Sebasti\u00e3o Ferreira Marinho, no Edif\u00edcio  Seguradoras, em Bras\u00edlia. Na pauta, discuss\u00f5es sobre a proposta de  Resolu\u00e7\u00e3o sobre cursos de especialista na \u00e1rea de An\u00e1lises Cl\u00ednicas e  sobre a Resolu\u00e7\u00e3o que define, regulamenta e estabelece atribui\u00e7\u00f5es e  compet\u00eancias do farmac\u00eautico na prescri\u00e7\u00e3o de medicamentos. Por decis\u00e3o  da maioria dos Conselheiros, os dois temas voltam ao Plen\u00e1rio para  vota\u00e7\u00e3o final.<\/p>\n<p style=\"text-align: justify;\">Durante a discuss\u00e3o sobre a Resolu\u00e7\u00e3o que trata cursos de especialista  na \u00e1rea de An\u00e1lises Cl\u00ednicas, o Plen\u00e1rio contou com a presen\u00e7a dos  farmac\u00eauticos-bioqu\u00edmicos Irineu Grinberg, Vice-presidente da Sociedade  Brasileira de An\u00e1lises Cl\u00ednicas (SBAC), e de Jerolino Lopes Aquino,  professor titular da Faculdade de Ci\u00eancias M\u00e9dicas da Universidade  Federal do Mato Grosso (UFMT), Diretor-presidente do Laborat\u00f3rio Carlos  Chagas, em Cuiab\u00e1, integrante da Comiss\u00e3o de An\u00e1lises Cl\u00ednicas do CFF e  membro da SBAC. \u201c\u00c9, sempre, produtivo poder contar com a presen\u00e7a de  representantes da \u00e1rea, durante a vota\u00e7\u00e3o de uma resolu\u00e7\u00e3o\u201d, disse o  Presidente do CFF, Jaldo de Souza Santos.<\/p>\n<p style=\"text-align: justify;\">Na Plen\u00e1ria, tamb\u00e9m, foi apresentado pelo Conselheiro Suplente pelo Mato  Grosso do Sul, Osnei Okumoto, o relat\u00f3rio com dados do I Simp\u00f3sio  Virtual de Farm\u00e1cia, realizado, em fevereiro, em Campo Grande (MS). De  acordo com as informa\u00e7\u00f5es repassadas por Okumoto, a parceria do CFF com o  Portal Educa\u00e7\u00e3o foi um \u201csucesso\u201d, pois garantiu aos farmac\u00eauticos de  todo o Pa\u00eds acesso r\u00e1pido e gratuito \u00e0 atualiza\u00e7\u00e3o profissional.<\/p>\n<p style=\"text-align: justify;\"><strong>Fonte:<\/strong> CFF<br \/>\n<strong>Autor:<\/strong> Veruska Narikawa<\/p>\n<p style=\"text-align: center;\">[<a href=\"javascript:history.go(-1)\">Voltar<\/a>]<\/p>\n","protected":false},"excerpt":{"rendered":"<p>Os farmac\u00eauticos tem mais \u00e9 que prescreverem f\u00e1rmacos, pois de acordo com a lei 85.878\/81, o profissional do medicamento \u00e9 o Farmac\u00eautico e n\u00e3o o m\u00e9dico e por isso, nada mais coerente que o Farmac\u00eautico fazer o tratamento farmacoterap\u00eautico dos doentes, cabendo aos m\u00e9dicos unicamente aquilo que eles tanto pleiteiam: a privacidade no diagn\u00f3stico.<\/p>\n","protected":false},"author":1,"featured_media":0,"comment_status":"open","ping_status":"open","sticky":false,"template":"","format":"standard","meta":{"footnotes":""},"categories":[27],"tags":[],"class_list":["post-9812","post","type-post","status-publish","format-standard","hentry","category-noticias"],"_links":{"self":[{"href":"https:\/\/antonini.psc.br\/index.php?rest_route=\/wp\/v2\/posts\/9812","targetHints":{"allow":["GET"]}}],"collection":[{"href":"https:\/\/antonini.psc.br\/index.php?rest_route=\/wp\/v2\/posts"}],"about":[{"href":"https:\/\/antonini.psc.br\/index.php?rest_route=\/wp\/v2\/types\/post"}],"author":[{"embeddable":true,"href":"https:\/\/antonini.psc.br\/index.php?rest_route=\/wp\/v2\/users\/1"}],"replies":[{"embeddable":true,"href":"https:\/\/antonini.psc.br\/index.php?rest_route=%2Fwp%2Fv2%2Fcomments&post=9812"}],"version-history":[{"count":1,"href":"https:\/\/antonini.psc.br\/index.php?rest_route=\/wp\/v2\/posts\/9812\/revisions"}],"predecessor-version":[{"id":27808,"href":"https:\/\/antonini.psc.br\/index.php?rest_route=\/wp\/v2\/posts\/9812\/revisions\/27808"}],"wp:attachment":[{"href":"https:\/\/antonini.psc.br\/index.php?rest_route=%2Fwp%2Fv2%2Fmedia&parent=9812"}],"wp:term":[{"taxonomy":"category","embeddable":true,"href":"https:\/\/antonini.psc.br\/index.php?rest_route=%2Fwp%2Fv2%2Fcategories&post=9812"},{"taxonomy":"post_tag","embeddable":true,"href":"https:\/\/antonini.psc.br\/index.php?rest_route=%2Fwp%2Fv2%2Ftags&post=9812"}],"curies":[{"name":"wp","href":"https:\/\/api.w.org\/{rel}","templated":true}]}}