{"id":9816,"date":"2010-03-30T17:42:43","date_gmt":"2010-03-30T17:42:43","guid":{"rendered":"http:\/\/opatriota.org\/?p=9816"},"modified":"2022-02-15T03:26:28","modified_gmt":"2022-02-15T03:26:28","slug":"acusado-de-incesto-e-absolvido-na-belgica-por-sofrer-de-raro-disturbio-do-sono","status":"publish","type":"post","link":"https:\/\/antonini.psc.br\/?p=9816","title":{"rendered":"Acusado de incesto \u00e9 absolvido na B\u00e9lgica por sofrer de raro dist\u00farbio do sono"},"content":{"rendered":"<p style=\"text-align: justify;\">Se os man\u00edacos sexuais, mundo \u00e0 fora, ficarem sabendo disso, o n\u00famero de casos de sexomania, que \u00e9 um dist\u00farbio rar\u00edssimo do sono, explodir\u00e1 violentamente. todos eles alegar\u00e3o sofrer dessa doen\u00e7a.<!--more--><\/p>\n<div id=\"articleBy\" style=\"text-align: justify;\">\n<p style=\"text-align: justify;\"><strong>MARCIA BIZZOTTO<\/strong><br \/>\nda <strong>BBC Brasil<\/strong>, em Bruxelas (B\u00e9lgica)<\/p>\n<\/div>\n<p style=\"text-align: justify;\">Um homem acusado de violar sua filha de quatro anos foi considerado inocente por sofrer de um raro dist\u00farbio do sono conhecido como sexomnia.<\/p>\n<p style=\"text-align: justify;\">A senten\u00e7a, anunciada nesta segunda-feira pelo tribunal correcional da cidade belga de Mons (ao sul de Bruxelas), apoia-se na conclus\u00e3o de um grupo de especialistas convocado a pedido da defesa.<\/p>\n<p style=\"text-align: justify;\">Depois de avaliar Frederic L., os m\u00e9dicos afirmaram que n\u00e3o se pode descartar que o acusado sofra realmente de sexomnia.<\/p>\n<p style=\"text-align: justify;\">A sexomnia \u00e9 uma esp\u00e9cie de sonambulismo sexual que leva a pessoa a realizar atos sexuais durante o sono de maneira inconsciente e n\u00e3o se recordar de nada posteriormente.<\/p>\n<p style=\"text-align: justify;\">O homem foi denunciado pela ex-mulher, a quem a filha contou ter acordado no meio da noite de 23 de junho de 2008 com o pai praticando-lhe uma fela\u00e7\u00e3o.<\/p>\n<p style=\"text-align: justify;\">Segundo a pr\u00f3pria garota, o pai, respons\u00e1vel por sua guarda, n\u00e3o a teria visto ou reconhecido.<\/p>\n<p style=\"text-align: justify;\"><strong>Defesa<\/strong><\/p>\n<p style=\"text-align: justify;\">Por sua parte, o acusado n\u00e3o negou os fatos, mas afirmou \u00e0 pol\u00edcia que tem &#8220;um sono muito profundo&#8221; e que n\u00e3o se lembrava de nada.<\/p>\n<p style=\"text-align: justify;\">&#8220;Meu cliente n\u00e3o percebeu o que estava acontecendo. Ele \u00e9 doente e se arrepende&#8221;, argumentou o advogado de defesa, Yves De Gratie, citado pelo jornal &#8220;La Libre Belgique&#8221;.<\/p>\n<p style=\"text-align: justify;\">De acordo com especialistas, a sexomnia pode ter sido estimulada na noite do crime pelas atividades realizadas horas antes por Frederic L..<\/p>\n<p style=\"text-align: justify;\">&#8220;Ele esteve com uma amiga em uma discoteca libertina. Isso, associado ao consumo de \u00e1lcool, pode ter ativado uma forma de reminisc\u00eancia em sua mente&#8221;, explicaram.<\/p>\n<p style=\"text-align: justify;\">Com base no argumento, os tr\u00eas ju\u00edzes respons\u00e1veis pelo caso consideraram que &#8220;as explica\u00e7\u00f5es do acusado podem ser v\u00e1lidas&#8221; e, diante da d\u00favida, decidiram a favor de Frederic L..<\/p>\n<p style=\"text-align: justify;\">A promotoria, que pedia oito anos de pris\u00e3o, tem um prazo de 15 dias para decidir se vai recorrer da senten\u00e7a.<\/p>\n<p style=\"text-align: justify;\">Leia mais <a href=\"http:\/\/obaoba.uol.com.br\/noticias\/Mas-eu-estava-dormindo\" target=\"_blank\" rel=\"noopener noreferrer\">aqui<\/a><\/p>\n<p style=\"text-align: center;\">[<a href=\"javascript:history.go(-1)\">Voltar<\/a>]<\/p>\n","protected":false},"excerpt":{"rendered":"<p>Se os man\u00edacos sexuais, mundo \u00e0 fora, ficarem sabendo disso, o n\u00famero de casos de sexomania, que \u00e9 um dist\u00farbio rar\u00edssimo do sono, explodir\u00e1 violentamente. todos eles alegar\u00e3o sofrer dessa doen\u00e7a.<\/p>\n","protected":false},"author":1,"featured_media":0,"comment_status":"open","ping_status":"open","sticky":false,"template":"","format":"standard","meta":{"footnotes":""},"categories":[27],"tags":[],"class_list":["post-9816","post","type-post","status-publish","format-standard","hentry","category-noticias"],"_links":{"self":[{"href":"https:\/\/antonini.psc.br\/index.php?rest_route=\/wp\/v2\/posts\/9816","targetHints":{"allow":["GET"]}}],"collection":[{"href":"https:\/\/antonini.psc.br\/index.php?rest_route=\/wp\/v2\/posts"}],"about":[{"href":"https:\/\/antonini.psc.br\/index.php?rest_route=\/wp\/v2\/types\/post"}],"author":[{"embeddable":true,"href":"https:\/\/antonini.psc.br\/index.php?rest_route=\/wp\/v2\/users\/1"}],"replies":[{"embeddable":true,"href":"https:\/\/antonini.psc.br\/index.php?rest_route=%2Fwp%2Fv2%2Fcomments&post=9816"}],"version-history":[{"count":1,"href":"https:\/\/antonini.psc.br\/index.php?rest_route=\/wp\/v2\/posts\/9816\/revisions"}],"predecessor-version":[{"id":27807,"href":"https:\/\/antonini.psc.br\/index.php?rest_route=\/wp\/v2\/posts\/9816\/revisions\/27807"}],"wp:attachment":[{"href":"https:\/\/antonini.psc.br\/index.php?rest_route=%2Fwp%2Fv2%2Fmedia&parent=9816"}],"wp:term":[{"taxonomy":"category","embeddable":true,"href":"https:\/\/antonini.psc.br\/index.php?rest_route=%2Fwp%2Fv2%2Fcategories&post=9816"},{"taxonomy":"post_tag","embeddable":true,"href":"https:\/\/antonini.psc.br\/index.php?rest_route=%2Fwp%2Fv2%2Ftags&post=9816"}],"curies":[{"name":"wp","href":"https:\/\/api.w.org\/{rel}","templated":true}]}}