{"id":9842,"date":"2010-04-01T21:50:41","date_gmt":"2010-04-01T21:50:41","guid":{"rendered":"http:\/\/opatriota.org\/?p=9842"},"modified":"2022-02-15T03:26:28","modified_gmt":"2022-02-15T03:26:28","slug":"inquerito-investiga-abuso-de-menina-de-6-anos-por-23-colegas-de-classe","status":"publish","type":"post","link":"https:\/\/antonini.psc.br\/?p=9842","title":{"rendered":"Inqu\u00e9rito investiga abuso de menina de 6 anos por 23 colegas de classe"},"content":{"rendered":"<p style=\"text-align: justify;\">Isso aconteceu em um pa\u00eds de primeiro mundo, no qual as leis s\u00e3o, supostamente, mais duras que as brasileiras. Imaginem se fosse no Brasil. O mundo inteiro &#8220;cairia de pau&#8221; sobre o sistema educacional, alegando descaso, omiss\u00e3o e neglig\u00eancia, mas como aconteceu no Reino Unido, \u00e9 tratado como um fato isolado.<!--more--><\/p>\n<div id=\"texto\" style=\"text-align: justify;\">\n<p>As autoridades de educa\u00e7\u00e3o do Pa\u00eds de Gales anunciaram a abertura de um inqu\u00e9rito para investigar o caso de uma menina de 6 anos que teria sido submetida a uma s\u00e9rie de abusos f\u00edsicos e sexuais por um grupo de 23 colegas de classe da mesma faixa et\u00e1ria.<\/p>\n<p>Os abusos teriam sido cometidos dentro da pr\u00f3pria escola, mas a dire\u00e7\u00e3o e o conselho local afirmaram, em um primeiro inqu\u00e9rito, que nada poderia ser feito por causa da idade das crian\u00e7as e da falta de provas sobre os abusos.<\/p>\n<p>O comiss\u00e1rio para a Inf\u00e2ncia do Pa\u00eds de Gales, Keith Towler, disse \u00e0 BBC que o primeiro inqu\u00e9rito sobre o caso se mostrou \u201cuma falha chocante\u201d.<\/p>\n<p>O inqu\u00e9rito inicial, publicado dois anos ap\u00f3s as primeiras den\u00fancias de abusos, confirma que alguns alunos teriam tido um comportamento sexual inadequado, mas afirma que com mais de 20 crian\u00e7as com menos de dez anos envolvidas, seria dif\u00edcil estabelecer exatamente o que ocorreu.<\/p>\n<p>A escola e a autoridade educacional local, cujos nomes n\u00e3o podem ser divulgados, disseram que o fato de que as crian\u00e7as tinham idades muito abaixo da maioridade penal significava que poucas a\u00e7\u00f5es poderiam ser tomadas.<\/p>\n<p>Nenhuma das crian\u00e7as envolvidas foi expulsa da escola.<\/p>\n<h3>Horror<\/h3>\n<p>A m\u00e3e da menina disse ter ficado horrorizada ao descobrir que sua filha havia enfrentado meses de abusos e intimida\u00e7\u00f5es na escola ap\u00f3s ter sido alertada sobre o que estava acontecendo por outra m\u00e3e, cuja filha tamb\u00e9m teria sofrido abusos.<\/p>\n<p>Ela diz que nunca se esquecer\u00e1 da express\u00e3o de medo na face de sua filha ao contar a ela o que estava passando.<br \/>\n\u201cEla estava me contando coisas que eu acho que qualquer m\u00e3e teme ouvir de sua filha. Foi horr\u00edvel o que ela enfrentou\u201d, diz.<\/p>\n<p>\u201cTodos os dias ela era despida. Ela sofria abusos f\u00edsicos e sexuais, todos os dias. E todos os dias ela chorava por ajuda, mas ningu\u00e9m nunca foi ajud\u00e1-la\u201d, afirmou.<\/p>\n<p style=\"text-align: justify;\">Ela transferiu a filha para uma outra escola, e somente ap\u00f3s ela entrar com uma a\u00e7\u00e3o na Justi\u00e7a as autoridades educacionais locais estabeleceram um inqu\u00e9rito para investigar o caso.<\/p>\n<\/div>\n<p style=\"text-align: center;\">[<a href=\"javascript:history.go(-1)\">Voltar<\/a>]<\/p>\n","protected":false},"excerpt":{"rendered":"<p>Isso aconteceu em um pa\u00eds de primeiro mundo, no qual as leis s\u00e3o, supostamente, mais duras que as brasileiras. Imaginem se fosse no Brasil. O mundo inteiro &#8220;cairia de pau&#8221; sobre o sistema educacional, alegando descaso, omiss\u00e3o e neglig\u00eancia, mas como aconteceu no Reino Unido, \u00e9 tratado como um fato isolado.<\/p>\n","protected":false},"author":1,"featured_media":0,"comment_status":"open","ping_status":"open","sticky":false,"template":"","format":"standard","meta":{"footnotes":""},"categories":[27],"tags":[],"class_list":["post-9842","post","type-post","status-publish","format-standard","hentry","category-noticias"],"_links":{"self":[{"href":"https:\/\/antonini.psc.br\/index.php?rest_route=\/wp\/v2\/posts\/9842","targetHints":{"allow":["GET"]}}],"collection":[{"href":"https:\/\/antonini.psc.br\/index.php?rest_route=\/wp\/v2\/posts"}],"about":[{"href":"https:\/\/antonini.psc.br\/index.php?rest_route=\/wp\/v2\/types\/post"}],"author":[{"embeddable":true,"href":"https:\/\/antonini.psc.br\/index.php?rest_route=\/wp\/v2\/users\/1"}],"replies":[{"embeddable":true,"href":"https:\/\/antonini.psc.br\/index.php?rest_route=%2Fwp%2Fv2%2Fcomments&post=9842"}],"version-history":[{"count":1,"href":"https:\/\/antonini.psc.br\/index.php?rest_route=\/wp\/v2\/posts\/9842\/revisions"}],"predecessor-version":[{"id":27806,"href":"https:\/\/antonini.psc.br\/index.php?rest_route=\/wp\/v2\/posts\/9842\/revisions\/27806"}],"wp:attachment":[{"href":"https:\/\/antonini.psc.br\/index.php?rest_route=%2Fwp%2Fv2%2Fmedia&parent=9842"}],"wp:term":[{"taxonomy":"category","embeddable":true,"href":"https:\/\/antonini.psc.br\/index.php?rest_route=%2Fwp%2Fv2%2Fcategories&post=9842"},{"taxonomy":"post_tag","embeddable":true,"href":"https:\/\/antonini.psc.br\/index.php?rest_route=%2Fwp%2Fv2%2Ftags&post=9842"}],"curies":[{"name":"wp","href":"https:\/\/api.w.org\/{rel}","templated":true}]}}