{"id":988,"date":"2008-12-07T08:11:53","date_gmt":"2008-12-07T11:11:53","guid":{"rendered":"http:\/\/www.antonini.med.br\/blog\/?p=988"},"modified":"2022-02-15T03:29:56","modified_gmt":"2022-02-15T03:29:56","slug":"professora-marcia-mendonca-e-a-primeira-reitora-da-ufpr","status":"publish","type":"post","link":"https:\/\/antonini.psc.br\/?p=988","title":{"rendered":"Professora M\u00e1rcia Mendon\u00e7a \u00e9 a primeira Reitora da UFPR"},"content":{"rendered":"<p style=\"text-align: justify;\">Desde o dia 04 de junho, quando assumiu a Reitoria da Universidade ap\u00f3s a exonera\u00e7\u00e3o do reitor Carlos Moreira J\u00fanior, a professora M\u00e1rcia Helena Mendon\u00e7a tem administrado os atos da institui\u00e7\u00e3o e conduzido o processo de transi\u00e7\u00e3o como vice-reitora no exerc\u00edcio da Reitoria.<!--more--><\/p>\n<p style=\"text-align: justify;\"><span class=\"style4\"> <img loading=\"lazy\" decoding=\"async\" class=\"alignleft size-full wp-image-17915\" alt=\"Profa.-Marcia-2\" src=\"http:\/\/antonini.med.br\/home\/wp-content\/uploads\/2008\/12\/Profa.-Marcia-2.jpg\" width=\"270\" height=\"236\" \/>No entanto, em 19 de novembro foi nomeada por Decreto Presidencial para assumir oficialmente a Reitoria da Universidade Federal do Paran\u00e1 como Reitora.<\/span><\/p>\n<p style=\"text-align: justify;\">O Di\u00e1rio Oficial da Uni\u00e3o do dia 19 de novembro traz em sua Se\u00e7\u00e3o 2, a nomea\u00e7\u00e3o da professora M\u00e1rcia Helena Mendon\u00e7a como Reitora &#8220;pro tempore&#8221; da UFPR, desde o dia 04 de junho de 2008.<\/p>\n<p style=\"text-align: justify;\"><span class=\"style4\">Assim, nesses seis meses de gest\u00e3o como Reitora &#8220;pro tempore&#8221;, a professora M\u00e1rcia \u00e9 oficialmente a primeira mulher a exercer o cargo m\u00e1ximo da institui\u00e7\u00e3o em seus 95 anos de hist\u00f3ria e tamb\u00e9m o primeiro docente do Setor de Ci\u00eancias Biol\u00f3gicas a assumir o cargo de Reitor da UFPR. Nesses meses frente \u00e0 Reitoria, a professora M\u00e1rcia Helena Mendon\u00e7a tem enfrentado um per\u00edodo bastante at\u00edpico diante da Administra\u00e7\u00e3o Superior. Suas decis\u00f5es conduzem os processos administrativos em um momento de importantes mudan\u00e7as, como a ades\u00e3o da Universidade ao programa federal REUNI, as discuss\u00f5es sobre as funda\u00e7\u00f5es de apoio e as determina\u00e7\u00f5es de \u00f3rg\u00e3os controladores externos \u2013 como Tribunal de Contas da Uni\u00e3o e Minist\u00e9rio P\u00fablico \u2013 em temas essenciais para a institui\u00e7\u00e3o, como o processo seletivo.<\/span><\/p>\n<p style=\"text-align: justify;\"><img loading=\"lazy\" decoding=\"async\" class=\"alignright size-full wp-image-17924\" alt=\"4682-1\" src=\"http:\/\/antonini.med.br\/home\/wp-content\/uploads\/2008\/12\/4682-1.jpg\" width=\"270\" height=\"203\" \/>Sua carreira docente no Setor de Ci\u00eancias Biol\u00f3gicas bem como sua longa trajet\u00f3ria administrativa, permitem-lhe uma vis\u00e3o humanizada, que a tem acompanhado nesses meses perante \u00e0 Reitoria da UFPR.<\/p>\n<p style=\"text-align: justify;\">O ato de designa\u00e7\u00e3o foi assinado pelo Presidente da Rep\u00fablica, Lu\u00eds In\u00e1cio Lula da Silva.<\/p>\n<p style=\"text-align: justify;\">Patricia Favorito Dorfman<\/p>\n<p style=\"text-align: center;\">[<a href=\"javascript:history.go(-1)\">Voltar<\/a>]<\/p>\n","protected":false},"excerpt":{"rendered":"<p>Desde o dia 04 de junho, quando assumiu a Reitoria da Universidade ap\u00f3s a exonera\u00e7\u00e3o do reitor Carlos Moreira J\u00fanior, a professora M\u00e1rcia Helena Mendon\u00e7a tem administrado os atos da institui\u00e7\u00e3o e conduzido o processo de transi\u00e7\u00e3o como vice-reitora no exerc\u00edcio da Reitoria.<\/p>\n","protected":false},"author":1,"featured_media":0,"comment_status":"open","ping_status":"open","sticky":false,"template":"","format":"standard","meta":{"footnotes":""},"categories":[27],"tags":[],"class_list":["post-988","post","type-post","status-publish","format-standard","hentry","category-noticias"],"_links":{"self":[{"href":"https:\/\/antonini.psc.br\/index.php?rest_route=\/wp\/v2\/posts\/988","targetHints":{"allow":["GET"]}}],"collection":[{"href":"https:\/\/antonini.psc.br\/index.php?rest_route=\/wp\/v2\/posts"}],"about":[{"href":"https:\/\/antonini.psc.br\/index.php?rest_route=\/wp\/v2\/types\/post"}],"author":[{"embeddable":true,"href":"https:\/\/antonini.psc.br\/index.php?rest_route=\/wp\/v2\/users\/1"}],"replies":[{"embeddable":true,"href":"https:\/\/antonini.psc.br\/index.php?rest_route=%2Fwp%2Fv2%2Fcomments&post=988"}],"version-history":[{"count":1,"href":"https:\/\/antonini.psc.br\/index.php?rest_route=\/wp\/v2\/posts\/988\/revisions"}],"predecessor-version":[{"id":28111,"href":"https:\/\/antonini.psc.br\/index.php?rest_route=\/wp\/v2\/posts\/988\/revisions\/28111"}],"wp:attachment":[{"href":"https:\/\/antonini.psc.br\/index.php?rest_route=%2Fwp%2Fv2%2Fmedia&parent=988"}],"wp:term":[{"taxonomy":"category","embeddable":true,"href":"https:\/\/antonini.psc.br\/index.php?rest_route=%2Fwp%2Fv2%2Fcategories&post=988"},{"taxonomy":"post_tag","embeddable":true,"href":"https:\/\/antonini.psc.br\/index.php?rest_route=%2Fwp%2Fv2%2Ftags&post=988"}],"curies":[{"name":"wp","href":"https:\/\/api.w.org\/{rel}","templated":true}]}}